{"id":52133,"date":"2026-09-05T22:11:20","date_gmt":"2026-09-06T04:11:20","guid":{"rendered":"https:\/\/gerardoduque.com.mx\/?p=52133"},"modified":"2026-09-05T22:11:22","modified_gmt":"2026-09-06T04:11:22","slug":"acuerdan-reforestar-1-8-hectareas-en-villa-de-reyes","status":"publish","type":"post","link":"https:\/\/gerardoduque.com.mx\/?p=52133","title":{"rendered":"ACUERDAN REFORESTAR 1.8 HECT\u00c1REAS EN VILLA DE REYES"},"content":{"rendered":"\n<p class=\"wp-block-paragraph\">El Consejo Forestal del Estado acord\u00f3 reforestar 1.8 hect\u00e1reas con m\u00e1s de 300 \u00e1rboles de especies de la regi\u00f3n Centro, luego de analizar una solicitud de Cambio de Uso de Suelo en Terrenos Forestales relacionada con un proyecto de infraestructura para gas natural en Villa de Reyes.<\/p>\n\n\n\n<p class=\"wp-block-paragraph\">En la sesi\u00f3n del Comit\u00e9 T\u00e9cnico de Cambio de Uso de Suelo participaron personal t\u00e9cnico de la Secretar\u00eda de Desarrollo Agropecuario y Recursos Hidr\u00e1ulicos, la Secretar\u00eda de Ecolog\u00eda y Gesti\u00f3n Ambiental, la Comisi\u00f3n Estatal del Agua y dependencias federales. Durante la reuni\u00f3n se revisaron aspectos de vegetaci\u00f3n, biodiversidad, suelo, agua y restauraci\u00f3n ambiental.<\/p>\n\n\n\n<p class=\"wp-block-paragraph\">Como parte de las medidas acordadas se contempla reforestar un predio ubicado junto a los lotes utilizados para la interconexi\u00f3n del gasoducto Villa de Reyes-Aguascalientes, destinado a una Central de Ciclo Combinado para la generaci\u00f3n de electricidad en la regi\u00f3n.<\/p>\n\n\n\n<p class=\"wp-block-paragraph\">Las acciones forman parte del seguimiento ambiental al proyecto y contemplan trabajos de reforestaci\u00f3n y mejora del \u00e1rea intervenida, de acuerdo con las determinaciones establecidas por el Consejo Forestal del Estado.<\/p>\n","protected":false},"excerpt":{"rendered":"<p>El Consejo Forestal del Estado acord\u00f3 reforestar 1.8 hect\u00e1reas en Villa de Reyes con m\u00e1s de 300 \u00e1rboles, tras revisar un proyecto de infraestructura de gas natural y su cambio de uso de suelo forestal.<\/p>\n","protected":false},"author":4,"featured_media":52134,"comment_status":"closed","ping_status":"closed","sticky":false,"template":"","format":"standard","meta":{"_et_pb_use_builder":"off","_et_pb_old_content":"","_et_gb_content_width":"","footnotes":""},"categories":[62,280],"tags":[],"class_list":["post-52133","post","type-post","status-publish","format-standard","has-post-thumbnail","hentry","category-redaccion","category-gob-slp"],"_links":{"self":[{"href":"https:\/\/gerardoduque.com.mx\/index.php?rest_route=\/wp\/v2\/posts\/52133","targetHints":{"allow":["GET"]}}],"collection":[{"href":"https:\/\/gerardoduque.com.mx\/index.php?rest_route=\/wp\/v2\/posts"}],"about":[{"href":"https:\/\/gerardoduque.com.mx\/index.php?rest_route=\/wp\/v2\/types\/post"}],"author":[{"embeddable":true,"href":"https:\/\/gerardoduque.com.mx\/index.php?rest_route=\/wp\/v2\/users\/4"}],"replies":[{"embeddable":true,"href":"https:\/\/gerardoduque.com.mx\/index.php?rest_route=%2Fwp%2Fv2%2Fcomments&post=52133"}],"version-history":[{"count":1,"href":"https:\/\/gerardoduque.com.mx\/index.php?rest_route=\/wp\/v2\/posts\/52133\/revisions"}],"predecessor-version":[{"id":52135,"href":"https:\/\/gerardoduque.com.mx\/index.php?rest_route=\/wp\/v2\/posts\/52133\/revisions\/52135"}],"wp:featuredmedia":[{"embeddable":true,"href":"https:\/\/gerardoduque.com.mx\/index.php?rest_route=\/wp\/v2\/media\/52134"}],"wp:attachment":[{"href":"https:\/\/gerardoduque.com.mx\/index.php?rest_route=%2Fwp%2Fv2%2Fmedia&parent=52133"}],"wp:term":[{"taxonomy":"category","embeddable":true,"href":"https:\/\/gerardoduque.com.mx\/index.php?rest_route=%2Fwp%2Fv2%2Fcategories&post=52133"},{"taxonomy":"post_tag","embeddable":true,"href":"https:\/\/gerardoduque.com.mx\/index.php?rest_route=%2Fwp%2Fv2%2Ftags&post=52133"}],"curies":[{"name":"wp","href":"https:\/\/api.w.org\/{rel}","templated":true}]}}