{"id":52107,"date":"2026-09-05T21:27:52","date_gmt":"2026-09-06T03:27:52","guid":{"rendered":"https:\/\/gerardoduque.com.mx\/?p=52107"},"modified":"2026-09-05T21:27:56","modified_gmt":"2026-09-06T03:27:56","slug":"conmemoran-el-dia-internacional-de-la-mujer-indigena-en-ciudad-valles","status":"publish","type":"post","link":"https:\/\/gerardoduque.com.mx\/?p=52107","title":{"rendered":"CONMEMORAN EL D\u00cdA INTERNACIONAL DE LA MUJER IND\u00cdGENA EN CIUDAD VALLES"},"content":{"rendered":"\n<p class=\"wp-block-paragraph\">La Unidad Especializada de Atenci\u00f3n a Pueblos y Comunidades Ind\u00edgenas realiz\u00f3 un acto conmemorativo por el D\u00eda Internacional de la Mujer Ind\u00edgena en la comunidad de El Tamarindo, anexo al ejido La Pila, con la participaci\u00f3n de mujeres de las 23 comunidades ind\u00edgenas del municipio.<\/p>\n\n\n\n<p class=\"wp-block-paragraph\">En representaci\u00f3n del presidente municipal asisti\u00f3 el director de Educaci\u00f3n Municipal, acompa\u00f1ado por la regidora Ma. Elena L\u00f3pez Delgado y la coordinadora Municipal de Derechos Humanos. Tambi\u00e9n participaron la coordinadora de la UEAPCI, entre otros. <\/p>\n\n\n\n<p class=\"wp-block-paragraph\">Durante el encuentro se abord\u00f3 la participaci\u00f3n de las mujeres ind\u00edgenas en distintos \u00e1mbitos comunitarios, entre ellos la elaboraci\u00f3n de artesan\u00edas, el trabajo comunitario, el liderazgo, as\u00ed como la preservaci\u00f3n de las lenguas originarias y las tradiciones de los pueblos ind\u00edgenas.<\/p>\n\n\n\n<p class=\"wp-block-paragraph\">La actividad se realiz\u00f3 como parte de las acciones municipales relacionadas con el reconocimiento y preservaci\u00f3n de las tradiciones, costumbres y lenguas de las comunidades ind\u00edgenas de Ciudad Valles.<\/p>\n","protected":false},"excerpt":{"rendered":"<p>El encuentro reuni\u00f3 a mujeres de las 23 comunidades ind\u00edgenas de Ciudad Valles con motivo del D\u00eda Internacional de la Mujer Ind\u00edgena, en la comunidad de El Tamarindo, anexo al ejido La Pila.<\/p>\n","protected":false},"author":4,"featured_media":52108,"comment_status":"closed","ping_status":"closed","sticky":false,"template":"","format":"standard","meta":{"_et_pb_use_builder":"off","_et_pb_old_content":"","_et_gb_content_width":"","footnotes":""},"categories":[62],"tags":[],"class_list":["post-52107","post","type-post","status-publish","format-standard","has-post-thumbnail","hentry","category-redaccion"],"_links":{"self":[{"href":"https:\/\/gerardoduque.com.mx\/index.php?rest_route=\/wp\/v2\/posts\/52107","targetHints":{"allow":["GET"]}}],"collection":[{"href":"https:\/\/gerardoduque.com.mx\/index.php?rest_route=\/wp\/v2\/posts"}],"about":[{"href":"https:\/\/gerardoduque.com.mx\/index.php?rest_route=\/wp\/v2\/types\/post"}],"author":[{"embeddable":true,"href":"https:\/\/gerardoduque.com.mx\/index.php?rest_route=\/wp\/v2\/users\/4"}],"replies":[{"embeddable":true,"href":"https:\/\/gerardoduque.com.mx\/index.php?rest_route=%2Fwp%2Fv2%2Fcomments&post=52107"}],"version-history":[{"count":1,"href":"https:\/\/gerardoduque.com.mx\/index.php?rest_route=\/wp\/v2\/posts\/52107\/revisions"}],"predecessor-version":[{"id":52109,"href":"https:\/\/gerardoduque.com.mx\/index.php?rest_route=\/wp\/v2\/posts\/52107\/revisions\/52109"}],"wp:featuredmedia":[{"embeddable":true,"href":"https:\/\/gerardoduque.com.mx\/index.php?rest_route=\/wp\/v2\/media\/52108"}],"wp:attachment":[{"href":"https:\/\/gerardoduque.com.mx\/index.php?rest_route=%2Fwp%2Fv2%2Fmedia&parent=52107"}],"wp:term":[{"taxonomy":"category","embeddable":true,"href":"https:\/\/gerardoduque.com.mx\/index.php?rest_route=%2Fwp%2Fv2%2Fcategories&post=52107"},{"taxonomy":"post_tag","embeddable":true,"href":"https:\/\/gerardoduque.com.mx\/index.php?rest_route=%2Fwp%2Fv2%2Ftags&post=52107"}],"curies":[{"name":"wp","href":"https:\/\/api.w.org\/{rel}","templated":true}]}}