{"id":52104,"date":"2026-09-05T13:40:33","date_gmt":"2026-09-05T19:40:33","guid":{"rendered":"https:\/\/gerardoduque.com.mx\/?p=52104"},"modified":"2026-09-05T13:40:34","modified_gmt":"2026-09-05T19:40:34","slug":"cateos-en-san-ciro-tras-presion-social-para-localizar-a-miguel-angel","status":"publish","type":"post","link":"https:\/\/gerardoduque.com.mx\/?p=52104","title":{"rendered":"CATEOS EN SAN CIRO TRAS PRESI\u00d3N SOCIAL PARA LOCALIZAR A MIGUEL \u00c1NGEL"},"content":{"rendered":"\n<p class=\"wp-block-paragraph\">Un fuerte operativo de diversas corporaciones de seguridad se despliega este s\u00e1bado en San Ciro de Acosta, en medio de la b\u00fasqueda de Miguel \u00c1ngel Rocha R\u00edos, joven de 20 a\u00f1os privado de la libertad desde el jueves 3 de septiembre.<\/p>\n\n\n\n<p class=\"wp-block-paragraph\">M\u00e1s de una decena de patrullas fueron concentradas inicialmente en la calle Hidalgo, donde elementos de seguridad acordonaron la zona para realizar un cateo en unos departamentos.<\/p>\n\n\n\n<p class=\"wp-block-paragraph\">Posteriormente, el despliegue se traslad\u00f3 hacia el acceso principal del municipio.<\/p>\n\n\n\n<p class=\"wp-block-paragraph\">El operativo ocurre despu\u00e9s de que ayer familiares y habitantes se manifestaran para exigir la localizaci\u00f3n de Miguel \u00c1ngel. La protesta deriv\u00f3 en el cierre de la carretera federal 69, bloqueando los accesos a San Ciro de Acosta entre las 7 y las 9 de la noche. El bloqueo fue retirado tras la llegada del agente del Ministerio P\u00fablico Ar\u00f3n Salvador Monroy, quien acudi\u00f3 en representaci\u00f3n del Gobierno del Estado.<\/p>\n\n\n\n<p class=\"wp-block-paragraph\">Miguel \u00c1ngel trabaja como barbero en San Ciro de Acosta. De acuerdo con su familia, fue privado de la libertad la tarde del jueves en el barrio de Santiago. Testimonios recabados por sus familiares apuntan a que varias personas que se desplazaban en una motocicleta y un autom\u00f3vil participaron en los hechos.<\/p>\n\n\n\n<p class=\"wp-block-paragraph\">Su padre, Jos\u00e9 Concepci\u00f3n Rocha Reina, se\u00f1al\u00f3 que uno de los presuntos involucrados ser\u00eda habitante del municipio y manten\u00eda problemas previos con su hijo. Hasta este s\u00e1bado no se ha informado sobre la localizaci\u00f3n de Miguel \u00c1ngel.<\/p>\n","protected":false},"excerpt":{"rendered":"<p>El joven fue privado de la libertad el jueves <\/p>\n","protected":false},"author":4,"featured_media":52105,"comment_status":"closed","ping_status":"closed","sticky":false,"template":"","format":"standard","meta":{"_et_pb_use_builder":"off","_et_pb_old_content":"","_et_gb_content_width":"","footnotes":""},"categories":[412,62],"tags":[],"class_list":["post-52104","post","type-post","status-publish","format-standard","has-post-thumbnail","hentry","category-destacado","category-redaccion"],"_links":{"self":[{"href":"https:\/\/gerardoduque.com.mx\/index.php?rest_route=\/wp\/v2\/posts\/52104","targetHints":{"allow":["GET"]}}],"collection":[{"href":"https:\/\/gerardoduque.com.mx\/index.php?rest_route=\/wp\/v2\/posts"}],"about":[{"href":"https:\/\/gerardoduque.com.mx\/index.php?rest_route=\/wp\/v2\/types\/post"}],"author":[{"embeddable":true,"href":"https:\/\/gerardoduque.com.mx\/index.php?rest_route=\/wp\/v2\/users\/4"}],"replies":[{"embeddable":true,"href":"https:\/\/gerardoduque.com.mx\/index.php?rest_route=%2Fwp%2Fv2%2Fcomments&post=52104"}],"version-history":[{"count":1,"href":"https:\/\/gerardoduque.com.mx\/index.php?rest_route=\/wp\/v2\/posts\/52104\/revisions"}],"predecessor-version":[{"id":52106,"href":"https:\/\/gerardoduque.com.mx\/index.php?rest_route=\/wp\/v2\/posts\/52104\/revisions\/52106"}],"wp:featuredmedia":[{"embeddable":true,"href":"https:\/\/gerardoduque.com.mx\/index.php?rest_route=\/wp\/v2\/media\/52105"}],"wp:attachment":[{"href":"https:\/\/gerardoduque.com.mx\/index.php?rest_route=%2Fwp%2Fv2%2Fmedia&parent=52104"}],"wp:term":[{"taxonomy":"category","embeddable":true,"href":"https:\/\/gerardoduque.com.mx\/index.php?rest_route=%2Fwp%2Fv2%2Fcategories&post=52104"},{"taxonomy":"post_tag","embeddable":true,"href":"https:\/\/gerardoduque.com.mx\/index.php?rest_route=%2Fwp%2Fv2%2Ftags&post=52104"}],"curies":[{"name":"wp","href":"https:\/\/api.w.org\/{rel}","templated":true}]}}