{"id":52100,"date":"2026-09-04T22:58:11","date_gmt":"2026-09-05T04:58:11","guid":{"rendered":"https:\/\/gerardoduque.com.mx\/?p=52100"},"modified":"2026-09-04T22:58:13","modified_gmt":"2026-09-05T04:58:13","slug":"claudia-sheinbaum-presentara-su-segundo-informe-en-la-arena-potosi-este-viernes","status":"publish","type":"post","link":"https:\/\/gerardoduque.com.mx\/?p=52100","title":{"rendered":"CLAUDIA SHEINBAUM PRESENTAR\u00c1\u00a0SU SEGUNDO INFORME EN LA ARENA POTOS\u00cd\u00a0ESTE VIERNES"},"content":{"rendered":"\n<p class=\"wp-block-paragraph\">Claudia Sheinbaum Pardo estar\u00e1 este viernes 4 de septiembre en la Arena Potos\u00ed, donde a las 13:30 horas presentar\u00e1 ante ciudadanos los resultados de sus primeros dos a\u00f1os de gobierno, como parte de la gira nacional de rendici\u00f3n de cuentas.<\/p>\n\n\n\n<p class=\"wp-block-paragraph\">Durante su visita se abordar\u00e1n temas relacionados con bienestar, infraestructura, educaci\u00f3n, salud, seguridad y desarrollo. El acto forma parte del recorrido que realiza la presidenta por distintas entidades para informar sobre las acciones de su administraci\u00f3n.<\/p>\n\n\n\n<p class=\"wp-block-paragraph\">La agenda de la visita tambi\u00e9n contempla referencias a proyectos desarrollados mediante la coordinaci\u00f3n entre los gobiernos Federal y Estatal, entre ellos la Universidad Nacional Rosario Castellanos en Soledad de Graciano S\u00e1nchez, la modernizaci\u00f3n del Hospital General de Rioverde y acciones de vivienda, agua e infraestructura.<\/p>\n\n\n\n<p class=\"wp-block-paragraph\">En materia de seguridad, se ha se\u00f1alado la participaci\u00f3n conjunta de autoridades federales y estatales en operativos e intercambio de informaci\u00f3n. Tambi\u00e9n se mencion\u00f3 la atenci\u00f3n proporcionada durante las inundaciones registradas en la Huasteca potosina en octubre de 2025.<\/p>\n","protected":false},"excerpt":{"rendered":"<p>La presidenta Claudia Sheinbaum visitar\u00e1 San Luis Potos\u00ed este viernes 4 de septiembre para presentar su Segundo Informe de Gobierno ante ciudadanos.<\/p>\n","protected":false},"author":4,"featured_media":52101,"comment_status":"closed","ping_status":"closed","sticky":false,"template":"","format":"standard","meta":{"_et_pb_use_builder":"off","_et_pb_old_content":"","_et_gb_content_width":"","footnotes":""},"categories":[62,280],"tags":[],"class_list":["post-52100","post","type-post","status-publish","format-standard","has-post-thumbnail","hentry","category-redaccion","category-gob-slp"],"_links":{"self":[{"href":"https:\/\/gerardoduque.com.mx\/index.php?rest_route=\/wp\/v2\/posts\/52100","targetHints":{"allow":["GET"]}}],"collection":[{"href":"https:\/\/gerardoduque.com.mx\/index.php?rest_route=\/wp\/v2\/posts"}],"about":[{"href":"https:\/\/gerardoduque.com.mx\/index.php?rest_route=\/wp\/v2\/types\/post"}],"author":[{"embeddable":true,"href":"https:\/\/gerardoduque.com.mx\/index.php?rest_route=\/wp\/v2\/users\/4"}],"replies":[{"embeddable":true,"href":"https:\/\/gerardoduque.com.mx\/index.php?rest_route=%2Fwp%2Fv2%2Fcomments&post=52100"}],"version-history":[{"count":1,"href":"https:\/\/gerardoduque.com.mx\/index.php?rest_route=\/wp\/v2\/posts\/52100\/revisions"}],"predecessor-version":[{"id":52102,"href":"https:\/\/gerardoduque.com.mx\/index.php?rest_route=\/wp\/v2\/posts\/52100\/revisions\/52102"}],"wp:featuredmedia":[{"embeddable":true,"href":"https:\/\/gerardoduque.com.mx\/index.php?rest_route=\/wp\/v2\/media\/52101"}],"wp:attachment":[{"href":"https:\/\/gerardoduque.com.mx\/index.php?rest_route=%2Fwp%2Fv2%2Fmedia&parent=52100"}],"wp:term":[{"taxonomy":"category","embeddable":true,"href":"https:\/\/gerardoduque.com.mx\/index.php?rest_route=%2Fwp%2Fv2%2Fcategories&post=52100"},{"taxonomy":"post_tag","embeddable":true,"href":"https:\/\/gerardoduque.com.mx\/index.php?rest_route=%2Fwp%2Fv2%2Ftags&post=52100"}],"curies":[{"name":"wp","href":"https:\/\/api.w.org\/{rel}","templated":true}]}}