{"id":52097,"date":"2026-09-04T22:53:42","date_gmt":"2026-09-05T04:53:42","guid":{"rendered":"https:\/\/gerardoduque.com.mx\/?p=52097"},"modified":"2026-09-04T22:53:43","modified_gmt":"2026-09-05T04:53:43","slug":"cobach-mantiene-actividades-academicas-de-mas-de-30-mil-estudiantes-en-san-luis-potosi","status":"publish","type":"post","link":"https:\/\/gerardoduque.com.mx\/?p=52097","title":{"rendered":"COBACH MANTIENE\u00a0ACTIVIDADES ACAD\u00c9MICAS DE M\u00c1S DE 30 MIL ESTUDIANTES\u00a0EN SAN LUIS POTOS\u00cd"},"content":{"rendered":"\n<p class=\"wp-block-paragraph\">M\u00e1s de 30 mil estudiantes del Colegio de Bachilleres cursan el semestre 2026-B en planteles y Centros EMSaD distribuidos en las cuatro regiones del estado.<\/p>\n\n\n\n<p class=\"wp-block-paragraph\">Las actividades acad\u00e9micas se desarrollan con la participaci\u00f3n de docentes, directivos y personal administrativo, de acuerdo con la programaci\u00f3n correspondiente al periodo escolar.<\/p>\n\n\n\n<p class=\"wp-block-paragraph\">El director general del Cobach, se\u00f1al\u00f3 que el alumnado debe continuar con sus actividades acad\u00e9micas y mantener el seguimiento de sus objetivos durante el semestre.<\/p>\n\n\n\n<p class=\"wp-block-paragraph\">Los planteles y Centros EMSaD mantienen sus actividades escolares de manera regular durante este periodo, con atenci\u00f3n a los estudiantes inscritos en las distintas regiones.<\/p>\n","protected":false},"excerpt":{"rendered":"<p>M\u00e1s de 30 mil estudiantes del Cobach mantienen sus actividades acad\u00e9micas correspondientes al semestre 2026-B en planteles de las cuatro regiones.<\/p>\n","protected":false},"author":4,"featured_media":52098,"comment_status":"closed","ping_status":"closed","sticky":false,"template":"","format":"standard","meta":{"_et_pb_use_builder":"off","_et_pb_old_content":"","_et_gb_content_width":"","footnotes":""},"categories":[62,280],"tags":[],"class_list":["post-52097","post","type-post","status-publish","format-standard","has-post-thumbnail","hentry","category-redaccion","category-gob-slp"],"_links":{"self":[{"href":"https:\/\/gerardoduque.com.mx\/index.php?rest_route=\/wp\/v2\/posts\/52097","targetHints":{"allow":["GET"]}}],"collection":[{"href":"https:\/\/gerardoduque.com.mx\/index.php?rest_route=\/wp\/v2\/posts"}],"about":[{"href":"https:\/\/gerardoduque.com.mx\/index.php?rest_route=\/wp\/v2\/types\/post"}],"author":[{"embeddable":true,"href":"https:\/\/gerardoduque.com.mx\/index.php?rest_route=\/wp\/v2\/users\/4"}],"replies":[{"embeddable":true,"href":"https:\/\/gerardoduque.com.mx\/index.php?rest_route=%2Fwp%2Fv2%2Fcomments&post=52097"}],"version-history":[{"count":1,"href":"https:\/\/gerardoduque.com.mx\/index.php?rest_route=\/wp\/v2\/posts\/52097\/revisions"}],"predecessor-version":[{"id":52099,"href":"https:\/\/gerardoduque.com.mx\/index.php?rest_route=\/wp\/v2\/posts\/52097\/revisions\/52099"}],"wp:featuredmedia":[{"embeddable":true,"href":"https:\/\/gerardoduque.com.mx\/index.php?rest_route=\/wp\/v2\/media\/52098"}],"wp:attachment":[{"href":"https:\/\/gerardoduque.com.mx\/index.php?rest_route=%2Fwp%2Fv2%2Fmedia&parent=52097"}],"wp:term":[{"taxonomy":"category","embeddable":true,"href":"https:\/\/gerardoduque.com.mx\/index.php?rest_route=%2Fwp%2Fv2%2Fcategories&post=52097"},{"taxonomy":"post_tag","embeddable":true,"href":"https:\/\/gerardoduque.com.mx\/index.php?rest_route=%2Fwp%2Fv2%2Ftags&post=52097"}],"curies":[{"name":"wp","href":"https:\/\/api.w.org\/{rel}","templated":true}]}}