{"id":52094,"date":"2026-09-04T22:50:09","date_gmt":"2026-09-05T04:50:09","guid":{"rendered":"https:\/\/gerardoduque.com.mx\/?p=52094"},"modified":"2026-09-04T22:50:11","modified_gmt":"2026-09-05T04:50:11","slug":"regiones-media-y-huasteca-recibiran-capacitacion-gratuita-para-personal-municipal","status":"publish","type":"post","link":"https:\/\/gerardoduque.com.mx\/?p=52094","title":{"rendered":"REGIONES MEDIA Y HUASTECA RECIBIR\u00c1N\u00a0CAPACITACI\u00d3N GRATUITA PARA PERSONAL MUNICIPAL"},"content":{"rendered":"\n<p class=\"wp-block-paragraph\">La Coordinaci\u00f3n Estatal para el Fortalecimiento Institucional de los Municipios prepara nuevas jornadas de capacitaci\u00f3n dirigidas a servidores p\u00fablicos de municipios de las regiones Media y Huasteca, con actividades previstas a partir de finales de septiembre.<\/p>\n\n\n\n<p class=\"wp-block-paragraph\">Entre los cursos se contempla el Informe Policial Homologado, enfocado en homologar criterios y mejorar el registro de informaci\u00f3n. Tambi\u00e9n se prev\u00e9 retomar capacitaciones relacionadas con inteligencia artificial.<\/p>\n\n\n\n<p class=\"wp-block-paragraph\">La programaci\u00f3n incluye adem\u00e1s contenidos sobre prevenci\u00f3n y atenci\u00f3n de contingencias, desarrollados en coordinaci\u00f3n con la Coordinaci\u00f3n Estatal de Protecci\u00f3n Civil y la Comisi\u00f3n Estatal para la Protecci\u00f3n contra Riesgos Sanitarios.<\/p>\n\n\n\n<p class=\"wp-block-paragraph\">La capacitaci\u00f3n ser\u00e1 gratuita y estar\u00e1 dirigida a personal de los ayuntamientos de ambas regiones, con contenidos orientados a proporcionar herramientas t\u00e9cnicas para sus actividades administrativas y operativas.<\/p>\n","protected":false},"excerpt":{"rendered":"<p>La Cefim prepara jornadas gratuitas de capacitaci\u00f3n para personal municipal de las regiones Media y Huasteca, con cursos previstos a partir de finales de septiembre.<\/p>\n","protected":false},"author":4,"featured_media":52095,"comment_status":"closed","ping_status":"closed","sticky":false,"template":"","format":"standard","meta":{"_et_pb_use_builder":"off","_et_pb_old_content":"","_et_gb_content_width":"","footnotes":""},"categories":[62,280],"tags":[],"class_list":["post-52094","post","type-post","status-publish","format-standard","has-post-thumbnail","hentry","category-redaccion","category-gob-slp"],"_links":{"self":[{"href":"https:\/\/gerardoduque.com.mx\/index.php?rest_route=\/wp\/v2\/posts\/52094","targetHints":{"allow":["GET"]}}],"collection":[{"href":"https:\/\/gerardoduque.com.mx\/index.php?rest_route=\/wp\/v2\/posts"}],"about":[{"href":"https:\/\/gerardoduque.com.mx\/index.php?rest_route=\/wp\/v2\/types\/post"}],"author":[{"embeddable":true,"href":"https:\/\/gerardoduque.com.mx\/index.php?rest_route=\/wp\/v2\/users\/4"}],"replies":[{"embeddable":true,"href":"https:\/\/gerardoduque.com.mx\/index.php?rest_route=%2Fwp%2Fv2%2Fcomments&post=52094"}],"version-history":[{"count":1,"href":"https:\/\/gerardoduque.com.mx\/index.php?rest_route=\/wp\/v2\/posts\/52094\/revisions"}],"predecessor-version":[{"id":52096,"href":"https:\/\/gerardoduque.com.mx\/index.php?rest_route=\/wp\/v2\/posts\/52094\/revisions\/52096"}],"wp:featuredmedia":[{"embeddable":true,"href":"https:\/\/gerardoduque.com.mx\/index.php?rest_route=\/wp\/v2\/media\/52095"}],"wp:attachment":[{"href":"https:\/\/gerardoduque.com.mx\/index.php?rest_route=%2Fwp%2Fv2%2Fmedia&parent=52094"}],"wp:term":[{"taxonomy":"category","embeddable":true,"href":"https:\/\/gerardoduque.com.mx\/index.php?rest_route=%2Fwp%2Fv2%2Fcategories&post=52094"},{"taxonomy":"post_tag","embeddable":true,"href":"https:\/\/gerardoduque.com.mx\/index.php?rest_route=%2Fwp%2Fv2%2Ftags&post=52094"}],"curies":[{"name":"wp","href":"https:\/\/api.w.org\/{rel}","templated":true}]}}