{"id":52085,"date":"2026-09-04T22:41:36","date_gmt":"2026-09-05T04:41:36","guid":{"rendered":"https:\/\/gerardoduque.com.mx\/?p=52085"},"modified":"2026-09-04T22:41:38","modified_gmt":"2026-09-05T04:41:38","slug":"xilitla-recibe-equipamiento-para-alimentacion-escolar-y-huertos","status":"publish","type":"post","link":"https:\/\/gerardoduque.com.mx\/?p=52085","title":{"rendered":"XILITLA RECIBE\u00a0EQUIPAMIENTO PARA ALIMENTACI\u00d3N ESCOLAR\u00a0Y HUERTOS"},"content":{"rendered":"\n<p class=\"wp-block-paragraph\">El Sistema Estatal para el Desarrollo Integral de la Familia entreg\u00f3 en Xilitla equipamiento para desayunadores escolares, adem\u00e1s de materiales y herramientas destinadas a huertos escolares y estufas ecol\u00f3gicas para familias y comunidades.<\/p>\n\n\n\n<p class=\"wp-block-paragraph\">De acuerdo con la informaci\u00f3n proporcionada, los huertos escolares permitir\u00e1n a los estudiantes adquirir conocimientos sobre producci\u00f3n de alimentos y h\u00e1bitos de alimentaci\u00f3n saludable, que tambi\u00e9n pueden aplicar en sus hogares.<\/p>\n\n\n\n<p class=\"wp-block-paragraph\">Las entregas est\u00e1n dirigidas a mejorar los espacios destinados a la alimentaci\u00f3n escolar y apoyar actividades de producci\u00f3n y autoconsumo en comunidades de la regi\u00f3n Huasteca.<\/p>\n","protected":false},"excerpt":{"rendered":"<p>El DIF Estatal entreg\u00f3 en Xilitla equipamiento para desayunadores escolares, materiales para huertos y estufas ecol\u00f3gicas destinadas a familias y comunidades de la Huasteca.<\/p>\n","protected":false},"author":4,"featured_media":52086,"comment_status":"closed","ping_status":"closed","sticky":false,"template":"","format":"standard","meta":{"_et_pb_use_builder":"off","_et_pb_old_content":"","_et_gb_content_width":"","footnotes":""},"categories":[62,280],"tags":[],"class_list":["post-52085","post","type-post","status-publish","format-standard","has-post-thumbnail","hentry","category-redaccion","category-gob-slp"],"_links":{"self":[{"href":"https:\/\/gerardoduque.com.mx\/index.php?rest_route=\/wp\/v2\/posts\/52085","targetHints":{"allow":["GET"]}}],"collection":[{"href":"https:\/\/gerardoduque.com.mx\/index.php?rest_route=\/wp\/v2\/posts"}],"about":[{"href":"https:\/\/gerardoduque.com.mx\/index.php?rest_route=\/wp\/v2\/types\/post"}],"author":[{"embeddable":true,"href":"https:\/\/gerardoduque.com.mx\/index.php?rest_route=\/wp\/v2\/users\/4"}],"replies":[{"embeddable":true,"href":"https:\/\/gerardoduque.com.mx\/index.php?rest_route=%2Fwp%2Fv2%2Fcomments&post=52085"}],"version-history":[{"count":1,"href":"https:\/\/gerardoduque.com.mx\/index.php?rest_route=\/wp\/v2\/posts\/52085\/revisions"}],"predecessor-version":[{"id":52087,"href":"https:\/\/gerardoduque.com.mx\/index.php?rest_route=\/wp\/v2\/posts\/52085\/revisions\/52087"}],"wp:featuredmedia":[{"embeddable":true,"href":"https:\/\/gerardoduque.com.mx\/index.php?rest_route=\/wp\/v2\/media\/52086"}],"wp:attachment":[{"href":"https:\/\/gerardoduque.com.mx\/index.php?rest_route=%2Fwp%2Fv2%2Fmedia&parent=52085"}],"wp:term":[{"taxonomy":"category","embeddable":true,"href":"https:\/\/gerardoduque.com.mx\/index.php?rest_route=%2Fwp%2Fv2%2Fcategories&post=52085"},{"taxonomy":"post_tag","embeddable":true,"href":"https:\/\/gerardoduque.com.mx\/index.php?rest_route=%2Fwp%2Fv2%2Ftags&post=52085"}],"curies":[{"name":"wp","href":"https:\/\/api.w.org\/{rel}","templated":true}]}}