{"id":52079,"date":"2026-09-04T22:31:38","date_gmt":"2026-09-05T04:31:38","guid":{"rendered":"https:\/\/gerardoduque.com.mx\/?p=52079"},"modified":"2026-09-04T22:31:40","modified_gmt":"2026-09-05T04:31:40","slug":"sheinbaum-presenta-su-segundo-informe-ante-21-mil-personas-en-san-luis-potosi","status":"publish","type":"post","link":"https:\/\/gerardoduque.com.mx\/?p=52079","title":{"rendered":"SHEINBAUM PRESENTA\u00a0SU SEGUNDO INFORME ANTE 21 MIL PERSONAS\u00a0EN SAN LUIS POTOS\u00cd"},"content":{"rendered":"\n<p class=\"wp-block-paragraph\">Durante el acto realizado en la Arena Potos\u00ed, Claudia Sheinbaum Pardo present\u00f3 los resultados de sus primeros dos a\u00f1os de gobierno como parte de una gira nacional de rendici\u00f3n de cuentas. El gobernador, estuvo presente en el evento, al que acudieron 21 mil personas.<\/p>\n\n\n\n<p class=\"wp-block-paragraph\">Entre los temas expuestos se mencionaron acciones de infraestructura, salud, educaci\u00f3n, desarrollo econ\u00f3mico y seguridad. De acuerdo con las cifras difundidas, 340 mil habitantes de San Luis Potos\u00ed han salido de la pobreza extrema, mientras que los Programas para el Bienestar mantienen cobertura en las cuatro regiones.<\/p>\n\n\n\n<p class=\"wp-block-paragraph\">En materia de infraestructura, se inform\u00f3 sobre una inversi\u00f3n estatal superior a 27 mil 600 millones de pesos en carreteras, vialidades y espacios p\u00fablicos, adem\u00e1s de proyectos federales como la ampliaci\u00f3n del Aeropuerto de Tamu\u00edn y las carreteras Ciudad Valles-Tampico y Tamazunchale-Huejutla de Reyes.<\/p>\n\n\n\n<p class=\"wp-block-paragraph\">En seguridad, las cifras presentadas se\u00f1alan una reducci\u00f3n de 80.5 por ciento en homicidios dolosos entre enero y julio de 2026, en comparaci\u00f3n con el mismo periodo de 2025. Tambi\u00e9n se mencionaron proyectos educativos y de salud, entre ellos la instalaci\u00f3n de 400 consultorios m\u00e9dicos gratuitos en municipios de las cuatro regiones.<\/p>\n","protected":false},"excerpt":{"rendered":"<p>La presidenta Claudia Sheinbaum present\u00f3 en San Luis Potos\u00ed los resultados de sus primeros dos a\u00f1os de gobierno ante 21 mil asistentes en la Arena Potos\u00ed. El gobernador Ricardo Gallardo particip\u00f3 en el acto y se abordaron proyectos federales y estatales para la entidad.<\/p>\n","protected":false},"author":4,"featured_media":52080,"comment_status":"closed","ping_status":"closed","sticky":false,"template":"","format":"standard","meta":{"_et_pb_use_builder":"off","_et_pb_old_content":"","_et_gb_content_width":"","footnotes":""},"categories":[62],"tags":[],"class_list":["post-52079","post","type-post","status-publish","format-standard","has-post-thumbnail","hentry","category-redaccion"],"_links":{"self":[{"href":"https:\/\/gerardoduque.com.mx\/index.php?rest_route=\/wp\/v2\/posts\/52079","targetHints":{"allow":["GET"]}}],"collection":[{"href":"https:\/\/gerardoduque.com.mx\/index.php?rest_route=\/wp\/v2\/posts"}],"about":[{"href":"https:\/\/gerardoduque.com.mx\/index.php?rest_route=\/wp\/v2\/types\/post"}],"author":[{"embeddable":true,"href":"https:\/\/gerardoduque.com.mx\/index.php?rest_route=\/wp\/v2\/users\/4"}],"replies":[{"embeddable":true,"href":"https:\/\/gerardoduque.com.mx\/index.php?rest_route=%2Fwp%2Fv2%2Fcomments&post=52079"}],"version-history":[{"count":1,"href":"https:\/\/gerardoduque.com.mx\/index.php?rest_route=\/wp\/v2\/posts\/52079\/revisions"}],"predecessor-version":[{"id":52081,"href":"https:\/\/gerardoduque.com.mx\/index.php?rest_route=\/wp\/v2\/posts\/52079\/revisions\/52081"}],"wp:featuredmedia":[{"embeddable":true,"href":"https:\/\/gerardoduque.com.mx\/index.php?rest_route=\/wp\/v2\/media\/52080"}],"wp:attachment":[{"href":"https:\/\/gerardoduque.com.mx\/index.php?rest_route=%2Fwp%2Fv2%2Fmedia&parent=52079"}],"wp:term":[{"taxonomy":"category","embeddable":true,"href":"https:\/\/gerardoduque.com.mx\/index.php?rest_route=%2Fwp%2Fv2%2Fcategories&post=52079"},{"taxonomy":"post_tag","embeddable":true,"href":"https:\/\/gerardoduque.com.mx\/index.php?rest_route=%2Fwp%2Fv2%2Ftags&post=52079"}],"curies":[{"name":"wp","href":"https:\/\/api.w.org\/{rel}","templated":true}]}}