{"id":52076,"date":"2026-09-04T22:25:16","date_gmt":"2026-09-05T04:25:16","guid":{"rendered":"https:\/\/gerardoduque.com.mx\/?p=52076"},"modified":"2026-09-04T22:25:18","modified_gmt":"2026-09-05T04:25:18","slug":"ciudad-valles-busca-mas-proyectos-con-apoyo-federal-y-estatal","status":"publish","type":"post","link":"https:\/\/gerardoduque.com.mx\/?p=52076","title":{"rendered":"CIUDAD VALLES BUSCA\u00a0M\u00c1S PROYECTOS CON APOYO FEDERAL\u00a0Y ESTATAL"},"content":{"rendered":"\n<p class=\"wp-block-paragraph\">El presidente municipal de Ciudad Valles destac\u00f3 la coordinaci\u00f3n con los gobiernos Federal y Estatal para gestionar obras, acciones y proyectos relacionados con Ciudad Valles y la regi\u00f3n.<\/p>\n\n\n\n<p class=\"wp-block-paragraph\">El se\u00f1alamiento ocurri\u00f3 despu\u00e9s de su participaci\u00f3n en la presentaci\u00f3n de resultados de los primeros dos a\u00f1os de gobierno de la presidenta Claudia Sheinbaum Pardo, realizada en la Arena Potos\u00ed como parte de su gira nacional de rendici\u00f3n de cuentas.<\/p>\n\n\n\n<p class=\"wp-block-paragraph\">Medina Salazar se\u00f1al\u00f3 que actualmente existen proyectos y acciones con impacto directo en el municipio, adem\u00e1s de oportunidades de desarrollo para la zona. Tambi\u00e9n mencion\u00f3 la coordinaci\u00f3n con el Gobierno Estatal para dar seguimiento a distintas gestiones.El alcalde indic\u00f3 que la administraci\u00f3n municipal continuar\u00e1 realizando gestiones ante las instancias correspondientes para dar seguimiento a los proyectos que requiere Ciudad Valles.<\/p>\n","protected":false},"excerpt":{"rendered":"<p>El alcalde de Ciudad Valles se\u00f1al\u00f3 que la coordinaci\u00f3n con autoridades federales y estatales ha permitido gestionar obras, proyectos y acciones para el municipio.<\/p>\n","protected":false},"author":4,"featured_media":52077,"comment_status":"closed","ping_status":"closed","sticky":false,"template":"","format":"standard","meta":{"_et_pb_use_builder":"off","_et_pb_old_content":"","_et_gb_content_width":"","footnotes":""},"categories":[62],"tags":[],"class_list":["post-52076","post","type-post","status-publish","format-standard","has-post-thumbnail","hentry","category-redaccion"],"_links":{"self":[{"href":"https:\/\/gerardoduque.com.mx\/index.php?rest_route=\/wp\/v2\/posts\/52076","targetHints":{"allow":["GET"]}}],"collection":[{"href":"https:\/\/gerardoduque.com.mx\/index.php?rest_route=\/wp\/v2\/posts"}],"about":[{"href":"https:\/\/gerardoduque.com.mx\/index.php?rest_route=\/wp\/v2\/types\/post"}],"author":[{"embeddable":true,"href":"https:\/\/gerardoduque.com.mx\/index.php?rest_route=\/wp\/v2\/users\/4"}],"replies":[{"embeddable":true,"href":"https:\/\/gerardoduque.com.mx\/index.php?rest_route=%2Fwp%2Fv2%2Fcomments&post=52076"}],"version-history":[{"count":1,"href":"https:\/\/gerardoduque.com.mx\/index.php?rest_route=\/wp\/v2\/posts\/52076\/revisions"}],"predecessor-version":[{"id":52078,"href":"https:\/\/gerardoduque.com.mx\/index.php?rest_route=\/wp\/v2\/posts\/52076\/revisions\/52078"}],"wp:featuredmedia":[{"embeddable":true,"href":"https:\/\/gerardoduque.com.mx\/index.php?rest_route=\/wp\/v2\/media\/52077"}],"wp:attachment":[{"href":"https:\/\/gerardoduque.com.mx\/index.php?rest_route=%2Fwp%2Fv2%2Fmedia&parent=52076"}],"wp:term":[{"taxonomy":"category","embeddable":true,"href":"https:\/\/gerardoduque.com.mx\/index.php?rest_route=%2Fwp%2Fv2%2Fcategories&post=52076"},{"taxonomy":"post_tag","embeddable":true,"href":"https:\/\/gerardoduque.com.mx\/index.php?rest_route=%2Fwp%2Fv2%2Ftags&post=52076"}],"curies":[{"name":"wp","href":"https:\/\/api.w.org\/{rel}","templated":true}]}}