{"id":52073,"date":"2026-09-04T22:20:35","date_gmt":"2026-09-05T04:20:35","guid":{"rendered":"https:\/\/gerardoduque.com.mx\/?p=52073"},"modified":"2026-09-04T22:20:38","modified_gmt":"2026-09-05T04:20:38","slug":"ciudad-valles-interviene-15-calles-de-ampliacion-santa-rosa","status":"publish","type":"post","link":"https:\/\/gerardoduque.com.mx\/?p=52073","title":{"rendered":"CIUDAD VALLES INTERVIENE\u00a015 CALLES DE AMPLIACI\u00d3N SANTA ROSA"},"content":{"rendered":"\n<p class=\"wp-block-paragraph\">La Direcci\u00f3n de Obras P\u00fablicas realiza trabajos de conformaci\u00f3n y rehabilitaci\u00f3n en aproximadamente 15 calles de la colonia Ampliaci\u00f3n Santa Rosa, donde las labores comenzaron durante agosto para mejorar las condiciones de circulaci\u00f3n de veh\u00edculos y peatones.<\/p>\n\n\n\n<p class=\"wp-block-paragraph\">Los trabajos incluyen la adecuaci\u00f3n de las vialidades y, en algunos tramos, la colocaci\u00f3n de material de relleno para posteriormente conformar la superficie, de acuerdo con las condiciones de cada calle.<\/p>\n\n\n\n<p class=\"wp-block-paragraph\">La dependencia estim\u00f3 una duraci\u00f3n aproximada de 15 d\u00edas para las labores, aunque el desarrollo de los trabajos estar\u00e1 sujeto a las condiciones meteorol\u00f3gicas.<\/p>\n","protected":false},"excerpt":{"rendered":"<p>Los trabajos de rehabilitaci\u00f3n de vialidades comenzaron en agosto y contemplan alrededor de 15 calles de la colonia Ampliaci\u00f3n Santa Rosa, en Ciudad Valles.<\/p>\n","protected":false},"author":4,"featured_media":52074,"comment_status":"closed","ping_status":"closed","sticky":false,"template":"","format":"standard","meta":{"_et_pb_use_builder":"off","_et_pb_old_content":"","_et_gb_content_width":"","footnotes":""},"categories":[62],"tags":[],"class_list":["post-52073","post","type-post","status-publish","format-standard","has-post-thumbnail","hentry","category-redaccion"],"_links":{"self":[{"href":"https:\/\/gerardoduque.com.mx\/index.php?rest_route=\/wp\/v2\/posts\/52073","targetHints":{"allow":["GET"]}}],"collection":[{"href":"https:\/\/gerardoduque.com.mx\/index.php?rest_route=\/wp\/v2\/posts"}],"about":[{"href":"https:\/\/gerardoduque.com.mx\/index.php?rest_route=\/wp\/v2\/types\/post"}],"author":[{"embeddable":true,"href":"https:\/\/gerardoduque.com.mx\/index.php?rest_route=\/wp\/v2\/users\/4"}],"replies":[{"embeddable":true,"href":"https:\/\/gerardoduque.com.mx\/index.php?rest_route=%2Fwp%2Fv2%2Fcomments&post=52073"}],"version-history":[{"count":1,"href":"https:\/\/gerardoduque.com.mx\/index.php?rest_route=\/wp\/v2\/posts\/52073\/revisions"}],"predecessor-version":[{"id":52075,"href":"https:\/\/gerardoduque.com.mx\/index.php?rest_route=\/wp\/v2\/posts\/52073\/revisions\/52075"}],"wp:featuredmedia":[{"embeddable":true,"href":"https:\/\/gerardoduque.com.mx\/index.php?rest_route=\/wp\/v2\/media\/52074"}],"wp:attachment":[{"href":"https:\/\/gerardoduque.com.mx\/index.php?rest_route=%2Fwp%2Fv2%2Fmedia&parent=52073"}],"wp:term":[{"taxonomy":"category","embeddable":true,"href":"https:\/\/gerardoduque.com.mx\/index.php?rest_route=%2Fwp%2Fv2%2Fcategories&post=52073"},{"taxonomy":"post_tag","embeddable":true,"href":"https:\/\/gerardoduque.com.mx\/index.php?rest_route=%2Fwp%2Fv2%2Ftags&post=52073"}],"curies":[{"name":"wp","href":"https:\/\/api.w.org\/{rel}","templated":true}]}}