{"id":52068,"date":"2026-09-04T22:11:31","date_gmt":"2026-09-05T04:11:31","guid":{"rendered":"https:\/\/gerardoduque.com.mx\/?p=52068"},"modified":"2026-09-04T22:12:04","modified_gmt":"2026-09-05T04:12:04","slug":"ciudad-valles-prepara-musica-y-danza-local-para-la-noche-mexicana","status":"publish","type":"post","link":"https:\/\/gerardoduque.com.mx\/?p=52068","title":{"rendered":"CIUDAD VALLES PREPARA\u00a0M\u00daSICA Y DANZA LOCAL\u00a0PARA LA NOCHE MEXICANA"},"content":{"rendered":"\n<p class=\"wp-block-paragraph\">Las actividades de la noche mexicana en Ciudad Valles comenzar\u00e1n a las 18:00 horas como parte de los festejos patrios, con la participaci\u00f3n de artistas y agrupaciones locales. El programa contempla presentaciones de m\u00fasica regional, danza y espect\u00e1culos relacionados con la cultura mexicana.<\/p>\n\n\n\n<p class=\"wp-block-paragraph\">Entre los participantes se encuentran el Grupo de Danza Xochipilli, Jos\u00e9 Luis Z\u00fa\u00f1iga \u201cEl Potrillo de Montecillos\u201d y Grecia Balderas, adem\u00e1s de agrupaciones de danza, animadoras y bastoneras.<\/p>\n\n\n\n<p class=\"wp-block-paragraph\">El programa tambi\u00e9n incluye un ensamble ranchero integrado por participantes del concurso de la canci\u00f3n y la presentaci\u00f3n de un grupo de mariachis. La celebraci\u00f3n concluir\u00e1 con un baile amenizado por una agrupaci\u00f3n musical local.<\/p>\n","protected":false},"excerpt":{"rendered":"<p>La noche mexicana de Ciudad Valles contar\u00e1 con presentaciones de artistas, grupos de danza, un ensamble ranchero y mariachi a partir de las 18:00 horas.<\/p>\n","protected":false},"author":4,"featured_media":52069,"comment_status":"closed","ping_status":"closed","sticky":false,"template":"","format":"standard","meta":{"_et_pb_use_builder":"off","_et_pb_old_content":"","_et_gb_content_width":"","footnotes":""},"categories":[62],"tags":[],"class_list":["post-52068","post","type-post","status-publish","format-standard","has-post-thumbnail","hentry","category-redaccion"],"_links":{"self":[{"href":"https:\/\/gerardoduque.com.mx\/index.php?rest_route=\/wp\/v2\/posts\/52068","targetHints":{"allow":["GET"]}}],"collection":[{"href":"https:\/\/gerardoduque.com.mx\/index.php?rest_route=\/wp\/v2\/posts"}],"about":[{"href":"https:\/\/gerardoduque.com.mx\/index.php?rest_route=\/wp\/v2\/types\/post"}],"author":[{"embeddable":true,"href":"https:\/\/gerardoduque.com.mx\/index.php?rest_route=\/wp\/v2\/users\/4"}],"replies":[{"embeddable":true,"href":"https:\/\/gerardoduque.com.mx\/index.php?rest_route=%2Fwp%2Fv2%2Fcomments&post=52068"}],"version-history":[{"count":1,"href":"https:\/\/gerardoduque.com.mx\/index.php?rest_route=\/wp\/v2\/posts\/52068\/revisions"}],"predecessor-version":[{"id":52070,"href":"https:\/\/gerardoduque.com.mx\/index.php?rest_route=\/wp\/v2\/posts\/52068\/revisions\/52070"}],"wp:featuredmedia":[{"embeddable":true,"href":"https:\/\/gerardoduque.com.mx\/index.php?rest_route=\/wp\/v2\/media\/52069"}],"wp:attachment":[{"href":"https:\/\/gerardoduque.com.mx\/index.php?rest_route=%2Fwp%2Fv2%2Fmedia&parent=52068"}],"wp:term":[{"taxonomy":"category","embeddable":true,"href":"https:\/\/gerardoduque.com.mx\/index.php?rest_route=%2Fwp%2Fv2%2Fcategories&post=52068"},{"taxonomy":"post_tag","embeddable":true,"href":"https:\/\/gerardoduque.com.mx\/index.php?rest_route=%2Fwp%2Fv2%2Ftags&post=52068"}],"curies":[{"name":"wp","href":"https:\/\/api.w.org\/{rel}","templated":true}]}}