{"id":52060,"date":"2026-09-04T22:03:04","date_gmt":"2026-09-05T04:03:04","guid":{"rendered":"https:\/\/gerardoduque.com.mx\/?p=52060"},"modified":"2026-09-04T22:03:07","modified_gmt":"2026-09-05T04:03:07","slug":"ciudad-valles-prepara-actividades-patrias-del-13-al-16-de-septiembre","status":"publish","type":"post","link":"https:\/\/gerardoduque.com.mx\/?p=52060","title":{"rendered":"CIUDAD VALLES PREPARA\u00a0ACTIVIDADES PATRIAS DEL 13 AL 16\u00a0DE SEPTIEMBRE"},"content":{"rendered":"\n<p class=\"wp-block-paragraph\">El programa de Fiestas Patrias en Ciudad Valles comenzar\u00e1 el 13 de septiembre con un homenaje en las instalaciones del 36 Batall\u00f3n de Infanter\u00eda, inform\u00f3 \u00c1ngel Iv\u00e1n Ortega Herrera, coordinador de Gesti\u00f3n P\u00fablica y Participaci\u00f3n Ciudadana.<\/p>\n\n\n\n<p class=\"wp-block-paragraph\">Para el 15 de septiembre se contempla una verbena popular en las calles Hidalgo y Morelos, acompa\u00f1ada de un programa art\u00edstico y cultural. La jornada concluir\u00e1 con un baile a cargo de una agrupaci\u00f3n musical local.<\/p>\n\n\n\n<p class=\"wp-block-paragraph\">Los festejos continuar\u00e1n el 16 de septiembre con el desfile conmemorativo de la Independencia de M\u00e9xico. Los horarios y detalles de cada actividad ser\u00e1n dados a conocer por el Ayuntamiento a trav\u00e9s de sus canales oficiales.<\/p>\n","protected":false},"excerpt":{"rendered":"<p>El Ayuntamiento de Ciudad Valles prepara actividades para las Fiestas Patrias del 13 al 16 de septiembre, con homenajes, una verbena popular y el desfile por la Independencia de M\u00e9xico.<\/p>\n","protected":false},"author":4,"featured_media":52061,"comment_status":"closed","ping_status":"closed","sticky":false,"template":"","format":"standard","meta":{"_et_pb_use_builder":"off","_et_pb_old_content":"","_et_gb_content_width":"","footnotes":""},"categories":[62],"tags":[],"class_list":["post-52060","post","type-post","status-publish","format-standard","has-post-thumbnail","hentry","category-redaccion"],"_links":{"self":[{"href":"https:\/\/gerardoduque.com.mx\/index.php?rest_route=\/wp\/v2\/posts\/52060","targetHints":{"allow":["GET"]}}],"collection":[{"href":"https:\/\/gerardoduque.com.mx\/index.php?rest_route=\/wp\/v2\/posts"}],"about":[{"href":"https:\/\/gerardoduque.com.mx\/index.php?rest_route=\/wp\/v2\/types\/post"}],"author":[{"embeddable":true,"href":"https:\/\/gerardoduque.com.mx\/index.php?rest_route=\/wp\/v2\/users\/4"}],"replies":[{"embeddable":true,"href":"https:\/\/gerardoduque.com.mx\/index.php?rest_route=%2Fwp%2Fv2%2Fcomments&post=52060"}],"version-history":[{"count":1,"href":"https:\/\/gerardoduque.com.mx\/index.php?rest_route=\/wp\/v2\/posts\/52060\/revisions"}],"predecessor-version":[{"id":52062,"href":"https:\/\/gerardoduque.com.mx\/index.php?rest_route=\/wp\/v2\/posts\/52060\/revisions\/52062"}],"wp:featuredmedia":[{"embeddable":true,"href":"https:\/\/gerardoduque.com.mx\/index.php?rest_route=\/wp\/v2\/media\/52061"}],"wp:attachment":[{"href":"https:\/\/gerardoduque.com.mx\/index.php?rest_route=%2Fwp%2Fv2%2Fmedia&parent=52060"}],"wp:term":[{"taxonomy":"category","embeddable":true,"href":"https:\/\/gerardoduque.com.mx\/index.php?rest_route=%2Fwp%2Fv2%2Fcategories&post=52060"},{"taxonomy":"post_tag","embeddable":true,"href":"https:\/\/gerardoduque.com.mx\/index.php?rest_route=%2Fwp%2Fv2%2Ftags&post=52060"}],"curies":[{"name":"wp","href":"https:\/\/api.w.org\/{rel}","templated":true}]}}