{"id":52037,"date":"2026-09-03T22:19:42","date_gmt":"2026-09-04T04:19:42","guid":{"rendered":"https:\/\/gerardoduque.com.mx\/?p=52037"},"modified":"2026-09-03T22:19:44","modified_gmt":"2026-09-04T04:19:44","slug":"tampamolon-corona-capacita-a-50-habitantes-en-actividades-productivas","status":"publish","type":"post","link":"https:\/\/gerardoduque.com.mx\/?p=52037","title":{"rendered":"TAMPAMOL\u00d3N CORONA CAPACITA A 50 HABITANTES EN ACTIVIDADES\u00a0PRODUCTIVAS"},"content":{"rendered":"\n<p class=\"wp-block-paragraph\">El Instituto de Capacitaci\u00f3n para el Trabajo entreg\u00f3 constancias a 50 habitantes de Tampamol\u00f3n Corona que concluyeron cursos de capacitaci\u00f3n laboral. Los participantes adquirieron conocimientos relacionados con actividades que pueden utilizar para acceder a un empleo o generar ingresos propios.<\/p>\n\n\n\n<p class=\"wp-block-paragraph\">Los cursos impartidos fueron de reposter\u00eda b\u00e1sica, barber\u00eda b\u00e1sica, dise\u00f1o de cejas y corte de cabello para dama, con contenidos orientados al desarrollo de actividades productivas.<\/p>\n\n\n\n<p class=\"wp-block-paragraph\">Durante el evento, Esmeralda Itzel Hern\u00e1ndez Zumaya y Eulalia Garc\u00eda Medina compartieron sus experiencias sobre los conocimientos adquiridos durante las capacitaciones y su aplicaci\u00f3n.<\/p>\n\n\n\n<p class=\"wp-block-paragraph\">Las actividades forman parte de los programas de capacitaci\u00f3n laboral que buscan ampliar el acceso a cursos en las cuatro regiones del estado.<\/p>\n","protected":false},"excerpt":{"rendered":"<p>Un total de 50 habitantes de Tampamol\u00f3n Corona concluyeron cursos del Icat en reposter\u00eda, barber\u00eda, dise\u00f1o de cejas y corte de cabello.<\/p>\n","protected":false},"author":4,"featured_media":52038,"comment_status":"closed","ping_status":"closed","sticky":false,"template":"","format":"standard","meta":{"_et_pb_use_builder":"off","_et_pb_old_content":"","_et_gb_content_width":"","footnotes":""},"categories":[62,280],"tags":[],"class_list":["post-52037","post","type-post","status-publish","format-standard","has-post-thumbnail","hentry","category-redaccion","category-gob-slp"],"_links":{"self":[{"href":"https:\/\/gerardoduque.com.mx\/index.php?rest_route=\/wp\/v2\/posts\/52037","targetHints":{"allow":["GET"]}}],"collection":[{"href":"https:\/\/gerardoduque.com.mx\/index.php?rest_route=\/wp\/v2\/posts"}],"about":[{"href":"https:\/\/gerardoduque.com.mx\/index.php?rest_route=\/wp\/v2\/types\/post"}],"author":[{"embeddable":true,"href":"https:\/\/gerardoduque.com.mx\/index.php?rest_route=\/wp\/v2\/users\/4"}],"replies":[{"embeddable":true,"href":"https:\/\/gerardoduque.com.mx\/index.php?rest_route=%2Fwp%2Fv2%2Fcomments&post=52037"}],"version-history":[{"count":1,"href":"https:\/\/gerardoduque.com.mx\/index.php?rest_route=\/wp\/v2\/posts\/52037\/revisions"}],"predecessor-version":[{"id":52039,"href":"https:\/\/gerardoduque.com.mx\/index.php?rest_route=\/wp\/v2\/posts\/52037\/revisions\/52039"}],"wp:featuredmedia":[{"embeddable":true,"href":"https:\/\/gerardoduque.com.mx\/index.php?rest_route=\/wp\/v2\/media\/52038"}],"wp:attachment":[{"href":"https:\/\/gerardoduque.com.mx\/index.php?rest_route=%2Fwp%2Fv2%2Fmedia&parent=52037"}],"wp:term":[{"taxonomy":"category","embeddable":true,"href":"https:\/\/gerardoduque.com.mx\/index.php?rest_route=%2Fwp%2Fv2%2Fcategories&post=52037"},{"taxonomy":"post_tag","embeddable":true,"href":"https:\/\/gerardoduque.com.mx\/index.php?rest_route=%2Fwp%2Fv2%2Ftags&post=52037"}],"curies":[{"name":"wp","href":"https:\/\/api.w.org\/{rel}","templated":true}]}}