{"id":52028,"date":"2026-09-03T22:11:01","date_gmt":"2026-09-04T04:11:01","guid":{"rendered":"https:\/\/gerardoduque.com.mx\/?p=52028"},"modified":"2026-09-03T22:11:03","modified_gmt":"2026-09-04T04:11:03","slug":"san-luis-potosi-reunira-a-especialistas-en-seminario-de-ingenierias","status":"publish","type":"post","link":"https:\/\/gerardoduque.com.mx\/?p=52028","title":{"rendered":"SAN LUIS POTOS\u00cd REUNIR\u00c1 A ESPECIALISTAS EN SEMINARIO DE INGENIER\u00cdAS"},"content":{"rendered":"\n<p class=\"wp-block-paragraph\">El Instituto Tecnol\u00f3gico Superior de San Luis Potos\u00ed realizar\u00e1 el Primer Seminario Transdisciplinario de Ingenier\u00edas los d\u00edas 3 y 4 de septiembre, con la participaci\u00f3n de especialistas de M\u00e9xico, Colombia, Espa\u00f1a y Rep\u00fablica Checa.<\/p>\n\n\n\n<p class=\"wp-block-paragraph\">El programa contempla conferencias y actividades especializadas relacionadas con innovaci\u00f3n, ciencia, tecnolog\u00eda y nuevas tendencias en distintas \u00e1reas de la ingenier\u00eda. Las actividades estar\u00e1n dirigidas a estudiantes, docentes, profesionistas y p\u00fablico en general.<\/p>\n\n\n\n<p class=\"wp-block-paragraph\">El encuentro abordar\u00e1 avances, retos y oportunidades en diferentes campos de la ingenier\u00eda, adem\u00e1s de temas relacionados con investigaci\u00f3n, innovaci\u00f3n y desarrollo tecnol\u00f3gico. La participaci\u00f3n requerir\u00e1 inscripci\u00f3n previa, cuyo periodo concluy\u00f3 el 2 de septiembre.<\/p>\n\n\n\n<p class=\"wp-block-paragraph\">El seminario se desarrollar\u00e1 como un espacio de intercambio de conocimientos y experiencias entre especialistas y participantes, con actividades enfocadas en temas vinculados con la formaci\u00f3n profesional y el desarrollo tecnol\u00f3gico.<\/p>\n","protected":false},"excerpt":{"rendered":"<p>El Instituto Tecnol\u00f3gico Superior de San Luis Potos\u00ed realizar\u00e1 el 3 y 4 de septiembre un seminario con especialistas de M\u00e9xico, Colombia, Espa\u00f1a y Rep\u00fablica Checa.<\/p>\n","protected":false},"author":4,"featured_media":52029,"comment_status":"closed","ping_status":"closed","sticky":false,"template":"","format":"standard","meta":{"_et_pb_use_builder":"off","_et_pb_old_content":"","_et_gb_content_width":"","footnotes":""},"categories":[62,280],"tags":[],"class_list":["post-52028","post","type-post","status-publish","format-standard","has-post-thumbnail","hentry","category-redaccion","category-gob-slp"],"_links":{"self":[{"href":"https:\/\/gerardoduque.com.mx\/index.php?rest_route=\/wp\/v2\/posts\/52028","targetHints":{"allow":["GET"]}}],"collection":[{"href":"https:\/\/gerardoduque.com.mx\/index.php?rest_route=\/wp\/v2\/posts"}],"about":[{"href":"https:\/\/gerardoduque.com.mx\/index.php?rest_route=\/wp\/v2\/types\/post"}],"author":[{"embeddable":true,"href":"https:\/\/gerardoduque.com.mx\/index.php?rest_route=\/wp\/v2\/users\/4"}],"replies":[{"embeddable":true,"href":"https:\/\/gerardoduque.com.mx\/index.php?rest_route=%2Fwp%2Fv2%2Fcomments&post=52028"}],"version-history":[{"count":1,"href":"https:\/\/gerardoduque.com.mx\/index.php?rest_route=\/wp\/v2\/posts\/52028\/revisions"}],"predecessor-version":[{"id":52030,"href":"https:\/\/gerardoduque.com.mx\/index.php?rest_route=\/wp\/v2\/posts\/52028\/revisions\/52030"}],"wp:featuredmedia":[{"embeddable":true,"href":"https:\/\/gerardoduque.com.mx\/index.php?rest_route=\/wp\/v2\/media\/52029"}],"wp:attachment":[{"href":"https:\/\/gerardoduque.com.mx\/index.php?rest_route=%2Fwp%2Fv2%2Fmedia&parent=52028"}],"wp:term":[{"taxonomy":"category","embeddable":true,"href":"https:\/\/gerardoduque.com.mx\/index.php?rest_route=%2Fwp%2Fv2%2Fcategories&post=52028"},{"taxonomy":"post_tag","embeddable":true,"href":"https:\/\/gerardoduque.com.mx\/index.php?rest_route=%2Fwp%2Fv2%2Ftags&post=52028"}],"curies":[{"name":"wp","href":"https:\/\/api.w.org\/{rel}","templated":true}]}}