{"id":52015,"date":"2026-09-03T20:37:14","date_gmt":"2026-09-04T02:37:14","guid":{"rendered":"https:\/\/gerardoduque.com.mx\/?p=52015"},"modified":"2026-09-03T20:37:16","modified_gmt":"2026-09-04T02:37:16","slug":"que-paso-con-el-isr-retenido-a-los-trabajadores","status":"publish","type":"post","link":"https:\/\/gerardoduque.com.mx\/?p=52015","title":{"rendered":"\u00bfQU\u00c9 PAS\u00d3 CON EL ISR RETENIDO A LOS TRABAJADORES?"},"content":{"rendered":"\n<p class=\"wp-block-paragraph\">Un pasivo fiscal por 1,615.1 millones de pesos, relacionado con ISR retenido a trabajadores del Gobierno de San Luis Potos\u00ed durante 2018, permanece pendiente y ahora deber\u00e1 ser atendido por la actual administraci\u00f3n estatal.<\/p>\n\n\n\n<p class=\"wp-block-paragraph\">El adeudo se origin\u00f3 durante el gobierno de Juan Manuel Carreras L\u00f3pez y corresponde a retenciones del Impuesto Sobre la Renta que no habr\u00edan sido enteradas al SAT.<\/p>\n\n\n\n<p class=\"wp-block-paragraph\">Hasta ahora no se ha informado p\u00fablicamente qu\u00e9 ocurri\u00f3 con esos recursos ni por qu\u00e9, despu\u00e9s de ser descontados a los trabajadores, no fueron entregados a la autoridad fiscal.<\/p>\n\n\n\n<p class=\"wp-block-paragraph\">El gobernador Ricardo Gallardo Cardona inform\u00f3 que su administraci\u00f3n revisar\u00e1 primero las implicaciones legales del adeudo antes de determinar, junto con la Secretar\u00eda de Finanzas, el mecanismo para atenderlo.<\/p>\n\n\n\n<p class=\"wp-block-paragraph\">\u201cNosotros vamos a revisar primero todo el tema legal de esa deuda, de la administraci\u00f3n de Juan Manuel Carreras. Vamos a puntualizar muchas partes legales, primero\u201d, declar\u00f3.<\/p>\n\n\n\n<p class=\"wp-block-paragraph\">El asunto tom\u00f3 relevancia despu\u00e9s de que la Sala Superior del Tribunal Federal de Justicia Administrativa desestimara los argumentos promovidos por el Gobierno estatal dentro del procedimiento relacionado con el adeudo.<\/p>\n\n\n\n<p class=\"wp-block-paragraph\">Gallardo sostuvo que el eventual pago de la obligaci\u00f3n, superior a los 1,600 millones de pesos, no deber\u00e1 afectar los recursos destinados a infraestructura y obra p\u00fablica.<\/p>\n\n\n\n<p class=\"wp-block-paragraph\">La Secretar\u00eda de Finanzas definir\u00e1 la estrategia para enfrentar el pasivo una vez que concluya la revisi\u00f3n jur\u00eddica anunciada por el Gobierno estatal.<\/p>\n","protected":false},"excerpt":{"rendered":"<p>Gallardo asegura que el eventual pago no afectar\u00e1 los recursos destinados a obra p\u00fablica<\/p>\n","protected":false},"author":4,"featured_media":52016,"comment_status":"closed","ping_status":"closed","sticky":false,"template":"","format":"standard","meta":{"_et_pb_use_builder":"off","_et_pb_old_content":"","_et_gb_content_width":"","footnotes":""},"categories":[412,62],"tags":[],"class_list":["post-52015","post","type-post","status-publish","format-standard","has-post-thumbnail","hentry","category-destacado","category-redaccion"],"_links":{"self":[{"href":"https:\/\/gerardoduque.com.mx\/index.php?rest_route=\/wp\/v2\/posts\/52015","targetHints":{"allow":["GET"]}}],"collection":[{"href":"https:\/\/gerardoduque.com.mx\/index.php?rest_route=\/wp\/v2\/posts"}],"about":[{"href":"https:\/\/gerardoduque.com.mx\/index.php?rest_route=\/wp\/v2\/types\/post"}],"author":[{"embeddable":true,"href":"https:\/\/gerardoduque.com.mx\/index.php?rest_route=\/wp\/v2\/users\/4"}],"replies":[{"embeddable":true,"href":"https:\/\/gerardoduque.com.mx\/index.php?rest_route=%2Fwp%2Fv2%2Fcomments&post=52015"}],"version-history":[{"count":1,"href":"https:\/\/gerardoduque.com.mx\/index.php?rest_route=\/wp\/v2\/posts\/52015\/revisions"}],"predecessor-version":[{"id":52017,"href":"https:\/\/gerardoduque.com.mx\/index.php?rest_route=\/wp\/v2\/posts\/52015\/revisions\/52017"}],"wp:featuredmedia":[{"embeddable":true,"href":"https:\/\/gerardoduque.com.mx\/index.php?rest_route=\/wp\/v2\/media\/52016"}],"wp:attachment":[{"href":"https:\/\/gerardoduque.com.mx\/index.php?rest_route=%2Fwp%2Fv2%2Fmedia&parent=52015"}],"wp:term":[{"taxonomy":"category","embeddable":true,"href":"https:\/\/gerardoduque.com.mx\/index.php?rest_route=%2Fwp%2Fv2%2Fcategories&post=52015"},{"taxonomy":"post_tag","embeddable":true,"href":"https:\/\/gerardoduque.com.mx\/index.php?rest_route=%2Fwp%2Fv2%2Ftags&post=52015"}],"curies":[{"name":"wp","href":"https:\/\/api.w.org\/{rel}","templated":true}]}}