{"id":52011,"date":"2026-09-03T19:43:32","date_gmt":"2026-09-04T01:43:32","guid":{"rendered":"https:\/\/gerardoduque.com.mx\/?p=52011"},"modified":"2026-09-03T19:43:34","modified_gmt":"2026-09-04T01:43:34","slug":"marcelo-descalifica-a-quien-cuestiona-sus-alianzas","status":"publish","type":"post","link":"https:\/\/gerardoduque.com.mx\/?p=52011","title":{"rendered":"MARCELO DESCALIFICA A QUIEN CUESTIONA SUS ALIANZAS"},"content":{"rendered":"\n<p class=\"wp-block-paragraph\">Parece que a Marcelo de los Santos Anaya no le gust\u00f3 que le preguntaran por sus nuevas alianzas pol\u00edticas.<\/p>\n\n\n\n<p class=\"wp-block-paragraph\">Al ser cuestionado sobre sus acercamientos con personajes ajenos al PAN, pudo explicar con qui\u00e9n est\u00e1 construyendo su proyecto y qu\u00e9 busca con esas incorporaciones. Pero su respuesta tom\u00f3 otro camino.<\/p>\n\n\n\n<p class=\"wp-block-paragraph\">\u201cYo la sumar\u00e9 tambi\u00e9n a usted, a menos que no quiera a la ciudad\u201d, respondi\u00f3.<\/p>\n\n\n\n<p class=\"wp-block-paragraph\">Y el asunto no qued\u00f3 ah\u00ed. Minutos despu\u00e9s volvi\u00f3 al tema para lanzar otra frase: \u201cComo su compa\u00f1era, que no quiere a su ciudad\u201d.<\/p>\n\n\n\n<p class=\"wp-block-paragraph\">Es decir, una pregunta sobre sus movimientos pol\u00edticos termin\u00f3 convertida en un se\u00f1alamiento contra quienes lo cuestionan.<\/p>\n\n\n\n<p class=\"wp-block-paragraph\">Preguntar con qui\u00e9n se est\u00e1 aliando un aspirante no significa estar en contra de San Luis Potos\u00ed. Si Marcelo busca tener un papel importante en la pol\u00edtica, tendr\u00e1 que explicar qui\u00e9nes lo acompa\u00f1an, qu\u00e9 acuerdos existen y hacia d\u00f3nde quiere llevar su proyecto. Eso era justamente lo que se le estaba preguntando.<\/p>\n\n\n\n<p class=\"wp-block-paragraph\">Al final, sus alianzas quedaron sin aclararse y la atenci\u00f3n termin\u00f3 puesta en su reacci\u00f3n ante una pregunta inc\u00f3moda.<\/p>\n\n\n\n<p class=\"wp-block-paragraph\">Y si desde ahora los cuestionamientos provocan este tipo de respuestas, habr\u00e1 que ver qu\u00e9 ocurre cuando avance el proceso pol\u00edtico y las preguntas sean todav\u00eda m\u00e1s fuertes.<\/p>\n","protected":false},"excerpt":{"rendered":"<p>El panista respondi\u00f3 con se\u00f1alamientos y dej\u00f3 pendientes las explicaciones<\/p>\n","protected":false},"author":4,"featured_media":52012,"comment_status":"closed","ping_status":"closed","sticky":false,"template":"","format":"standard","meta":{"_et_pb_use_builder":"off","_et_pb_old_content":"","_et_gb_content_width":"","footnotes":""},"categories":[412,62],"tags":[],"class_list":["post-52011","post","type-post","status-publish","format-standard","has-post-thumbnail","hentry","category-destacado","category-redaccion"],"_links":{"self":[{"href":"https:\/\/gerardoduque.com.mx\/index.php?rest_route=\/wp\/v2\/posts\/52011","targetHints":{"allow":["GET"]}}],"collection":[{"href":"https:\/\/gerardoduque.com.mx\/index.php?rest_route=\/wp\/v2\/posts"}],"about":[{"href":"https:\/\/gerardoduque.com.mx\/index.php?rest_route=\/wp\/v2\/types\/post"}],"author":[{"embeddable":true,"href":"https:\/\/gerardoduque.com.mx\/index.php?rest_route=\/wp\/v2\/users\/4"}],"replies":[{"embeddable":true,"href":"https:\/\/gerardoduque.com.mx\/index.php?rest_route=%2Fwp%2Fv2%2Fcomments&post=52011"}],"version-history":[{"count":1,"href":"https:\/\/gerardoduque.com.mx\/index.php?rest_route=\/wp\/v2\/posts\/52011\/revisions"}],"predecessor-version":[{"id":52013,"href":"https:\/\/gerardoduque.com.mx\/index.php?rest_route=\/wp\/v2\/posts\/52011\/revisions\/52013"}],"wp:featuredmedia":[{"embeddable":true,"href":"https:\/\/gerardoduque.com.mx\/index.php?rest_route=\/wp\/v2\/media\/52012"}],"wp:attachment":[{"href":"https:\/\/gerardoduque.com.mx\/index.php?rest_route=%2Fwp%2Fv2%2Fmedia&parent=52011"}],"wp:term":[{"taxonomy":"category","embeddable":true,"href":"https:\/\/gerardoduque.com.mx\/index.php?rest_route=%2Fwp%2Fv2%2Fcategories&post=52011"},{"taxonomy":"post_tag","embeddable":true,"href":"https:\/\/gerardoduque.com.mx\/index.php?rest_route=%2Fwp%2Fv2%2Ftags&post=52011"}],"curies":[{"name":"wp","href":"https:\/\/api.w.org\/{rel}","templated":true}]}}