{"id":52006,"date":"2026-09-03T13:51:52","date_gmt":"2026-09-03T19:51:52","guid":{"rendered":"https:\/\/gerardoduque.com.mx\/?p=52006"},"modified":"2026-09-03T13:51:54","modified_gmt":"2026-09-03T19:51:54","slug":"joven-de-tamuin-acaba-en-terapia-intensiva-tras-novatada-en-la-uat","status":"publish","type":"post","link":"https:\/\/gerardoduque.com.mx\/?p=52006","title":{"rendered":"JOVEN DE TAMU\u00cdN ACABA EN TERAPIA INTENSIVA TRAS NOVATADA EN LA UAT"},"content":{"rendered":"\n<p class=\"wp-block-paragraph\">Tadeo Ortiz, joven de 18 a\u00f1os originario de Tamu\u00edn, San Luis Potos\u00ed, permanece hospitalizado en terapia intensiva despu\u00e9s de sufrir una presunta novatada en la Facultad de Medicina Veterinaria y Zootecnia de la Universidad Aut\u00f3noma de Tamaulipas (UAT), en Ciudad Victoria.<\/p>\n\n\n\n<p class=\"wp-block-paragraph\">El estudiante cursa el primer semestre y, de acuerdo con la denuncia del caso, fue sometido por alumnos de grados avanzados a una serie de humillaciones en las que le arrojaron melaza, desechos y sangre de animales.<\/p>\n\n\n\n<p class=\"wp-block-paragraph\">Posteriormente lo habr\u00edan obligado a consumir un chile habanero. Tadeo advirti\u00f3 que padec\u00eda una alergia severa, pero su se\u00f1alamiento habr\u00eda sido ignorado.<\/p>\n\n\n\n<p class=\"wp-block-paragraph\">El joven present\u00f3 una crisis convulsiva y perdi\u00f3 el conocimiento, por lo que personal de enfermer\u00eda de la instituci\u00f3n lo traslad\u00f3 a un hospital, donde permanece bajo atenci\u00f3n m\u00e9dica especializada.<\/p>\n\n\n\n<p class=\"wp-block-paragraph\">La Fiscal\u00eda General de Justicia de Tamaulipas inici\u00f3 de oficio una carpeta de investigaci\u00f3n por lesiones dolosas para determinar qui\u00e9nes participaron y establecer posibles responsabilidades.<\/p>\n\n\n\n<p class=\"wp-block-paragraph\">Familiares del estudiante tambi\u00e9n se\u00f1alaron una presunta omisi\u00f3n de personal administrativo y docente de la facultad, al asegurar que las agresiones ocurrieron sin una intervenci\u00f3n oportuna.<\/p>\n\n\n\n<p class=\"wp-block-paragraph\">El caso ha generado especial atenci\u00f3n en San Luis Potos\u00ed debido a que Tadeo es originario de Tamu\u00edn, municipio de la Huasteca potosina, y se encontraba en Tamaulipas para cursar sus estudios universitarios.<\/p>\n","protected":false},"excerpt":{"rendered":"<p>Lo habr\u00edan obligado a consumir chile pese a advertir una alergia severa<\/p>\n","protected":false},"author":4,"featured_media":52007,"comment_status":"closed","ping_status":"closed","sticky":false,"template":"","format":"standard","meta":{"_et_pb_use_builder":"off","_et_pb_old_content":"","_et_gb_content_width":"","footnotes":""},"categories":[412,62],"tags":[],"class_list":["post-52006","post","type-post","status-publish","format-standard","has-post-thumbnail","hentry","category-destacado","category-redaccion"],"_links":{"self":[{"href":"https:\/\/gerardoduque.com.mx\/index.php?rest_route=\/wp\/v2\/posts\/52006","targetHints":{"allow":["GET"]}}],"collection":[{"href":"https:\/\/gerardoduque.com.mx\/index.php?rest_route=\/wp\/v2\/posts"}],"about":[{"href":"https:\/\/gerardoduque.com.mx\/index.php?rest_route=\/wp\/v2\/types\/post"}],"author":[{"embeddable":true,"href":"https:\/\/gerardoduque.com.mx\/index.php?rest_route=\/wp\/v2\/users\/4"}],"replies":[{"embeddable":true,"href":"https:\/\/gerardoduque.com.mx\/index.php?rest_route=%2Fwp%2Fv2%2Fcomments&post=52006"}],"version-history":[{"count":1,"href":"https:\/\/gerardoduque.com.mx\/index.php?rest_route=\/wp\/v2\/posts\/52006\/revisions"}],"predecessor-version":[{"id":52008,"href":"https:\/\/gerardoduque.com.mx\/index.php?rest_route=\/wp\/v2\/posts\/52006\/revisions\/52008"}],"wp:featuredmedia":[{"embeddable":true,"href":"https:\/\/gerardoduque.com.mx\/index.php?rest_route=\/wp\/v2\/media\/52007"}],"wp:attachment":[{"href":"https:\/\/gerardoduque.com.mx\/index.php?rest_route=%2Fwp%2Fv2%2Fmedia&parent=52006"}],"wp:term":[{"taxonomy":"category","embeddable":true,"href":"https:\/\/gerardoduque.com.mx\/index.php?rest_route=%2Fwp%2Fv2%2Fcategories&post=52006"},{"taxonomy":"post_tag","embeddable":true,"href":"https:\/\/gerardoduque.com.mx\/index.php?rest_route=%2Fwp%2Fv2%2Ftags&post=52006"}],"curies":[{"name":"wp","href":"https:\/\/api.w.org\/{rel}","templated":true}]}}