{"id":52002,"date":"2026-09-03T12:40:18","date_gmt":"2026-09-03T18:40:18","guid":{"rendered":"https:\/\/gerardoduque.com.mx\/?p=52002"},"modified":"2026-09-03T12:40:21","modified_gmt":"2026-09-03T18:40:21","slug":"pueblos-nahuatl-y-tenek-acusan-simulacion-en-consulta-federal","status":"publish","type":"post","link":"https:\/\/gerardoduque.com.mx\/?p=52002","title":{"rendered":"PUEBLOS N\u00c1HUATL Y T\u00c9NEK ACUSAN SIMULACI\u00d3N EN CONSULTA FEDERAL"},"content":{"rendered":"\n<p class=\"wp-block-paragraph\">Consejeras y consejeros nacionales ind\u00edgenas de San Luis Potos\u00ed rechazaron el documento de trabajo para una Ley General de Derechos de los Pueblos Ind\u00edgenas y Afromexicanos, al considerar que contiene retrocesos en autonom\u00eda, territorio, justicia comunitaria y acceso directo a recursos p\u00fablicos.<\/p>\n\n\n\n<p class=\"wp-block-paragraph\">Representantes de los pueblos N\u00e1huatl y T\u00e9nek tambi\u00e9n desconocieron el proceso de consulta impulsado por el Instituto Nacional de los Pueblos Ind\u00edgenas (INPI), al se\u00f1alar que las sedes, convocatorias y llamadas \u201cAsambleas Regionales\u201d limitan la participaci\u00f3n directa de las comunidades.<\/p>\n\n\n\n<p class=\"wp-block-paragraph\">Entre sus inconformidades se\u00f1alaron que Ciudad Valles y Tamazunchale fueron designadas como sedes para concentrar a cientos de comunidades de la Huasteca, pese a que previamente se hab\u00eda acordado establecer una sede en Tancanhuitz.<\/p>\n\n\n\n<p class=\"wp-block-paragraph\">Adem\u00e1s, denunciaron que su oposici\u00f3n a proyectos como el Acueducto P\u00e1nuco\u2013Cerro Prieto y al fracking ha generado exclusi\u00f3n y estigmatizaci\u00f3n de representantes comunitarios.<\/p>\n\n\n\n<p class=\"wp-block-paragraph\">En una carta abierta dirigida a la presidenta Claudia Sheinbaum, al Congreso de la Uni\u00f3n y al INPI, exigieron retirar el documento, rehacer la consulta mediante asambleas comunitarias y establecer una mesa de trabajo directa para construir una nueva propuesta.<\/p>\n\n\n\n<p class=\"wp-block-paragraph\">Tambi\u00e9n solicitaron una respuesta formal por escrito con fundamento en su derecho constitucional de petici\u00f3n.<\/p>\n","protected":false},"excerpt":{"rendered":"<p>Advierten afectaciones a derechos territoriales y al manejo directo de recursos<\/p>\n","protected":false},"author":4,"featured_media":52003,"comment_status":"closed","ping_status":"closed","sticky":false,"template":"","format":"standard","meta":{"_et_pb_use_builder":"off","_et_pb_old_content":"","_et_gb_content_width":"","footnotes":""},"categories":[412,62],"tags":[],"class_list":["post-52002","post","type-post","status-publish","format-standard","has-post-thumbnail","hentry","category-destacado","category-redaccion"],"_links":{"self":[{"href":"https:\/\/gerardoduque.com.mx\/index.php?rest_route=\/wp\/v2\/posts\/52002","targetHints":{"allow":["GET"]}}],"collection":[{"href":"https:\/\/gerardoduque.com.mx\/index.php?rest_route=\/wp\/v2\/posts"}],"about":[{"href":"https:\/\/gerardoduque.com.mx\/index.php?rest_route=\/wp\/v2\/types\/post"}],"author":[{"embeddable":true,"href":"https:\/\/gerardoduque.com.mx\/index.php?rest_route=\/wp\/v2\/users\/4"}],"replies":[{"embeddable":true,"href":"https:\/\/gerardoduque.com.mx\/index.php?rest_route=%2Fwp%2Fv2%2Fcomments&post=52002"}],"version-history":[{"count":1,"href":"https:\/\/gerardoduque.com.mx\/index.php?rest_route=\/wp\/v2\/posts\/52002\/revisions"}],"predecessor-version":[{"id":52004,"href":"https:\/\/gerardoduque.com.mx\/index.php?rest_route=\/wp\/v2\/posts\/52002\/revisions\/52004"}],"wp:featuredmedia":[{"embeddable":true,"href":"https:\/\/gerardoduque.com.mx\/index.php?rest_route=\/wp\/v2\/media\/52003"}],"wp:attachment":[{"href":"https:\/\/gerardoduque.com.mx\/index.php?rest_route=%2Fwp%2Fv2%2Fmedia&parent=52002"}],"wp:term":[{"taxonomy":"category","embeddable":true,"href":"https:\/\/gerardoduque.com.mx\/index.php?rest_route=%2Fwp%2Fv2%2Fcategories&post=52002"},{"taxonomy":"post_tag","embeddable":true,"href":"https:\/\/gerardoduque.com.mx\/index.php?rest_route=%2Fwp%2Fv2%2Ftags&post=52002"}],"curies":[{"name":"wp","href":"https:\/\/api.w.org\/{rel}","templated":true}]}}