{"id":51984,"date":"2026-09-02T22:36:35","date_gmt":"2026-09-03T04:36:35","guid":{"rendered":"https:\/\/gerardoduque.com.mx\/?p=51984"},"modified":"2026-09-02T22:36:37","modified_gmt":"2026-09-03T04:36:37","slug":"san-luis-potosi-amplia-capacitacion-laboral-con-cursos-del-icat","status":"publish","type":"post","link":"https:\/\/gerardoduque.com.mx\/?p=51984","title":{"rendered":"SAN LUIS POTOS\u00cd\u00a0AMPL\u00cdA CAPACITACI\u00d3N LABORAL\u00a0CON CURSOS DEL ICAT"},"content":{"rendered":"\n<p class=\"wp-block-paragraph\">El Instituto de Capacitaci\u00f3n para el Trabajo ofrece formaci\u00f3n mediante unidades ubicadas en Soledad de Graciano S\u00e1nchez, Ciudad Valles, Rioverde, Axtla de Terrazas y Cerritos, con opciones dirigidas a personas que buscan desarrollar nuevas habilidades.<\/p>\n\n\n\n<p class=\"wp-block-paragraph\">Los cursos se enfocan en conocimientos que pueden aplicarse en actividades laborales, proyectos de autoempleo o peque\u00f1os negocios, de acuerdo con las caracter\u00edsticas econ\u00f3micas y productivas de cada regi\u00f3n.<\/p>\n\n\n\n<p class=\"wp-block-paragraph\">La capacitaci\u00f3n forma parte de las acciones del instituto para ampliar el acceso a herramientas relacionadas con la generaci\u00f3n de ingresos y el desarrollo de actividades productivas.<\/p>\n\n\n\n<p class=\"wp-block-paragraph\">La cobertura contempla municipios de las cuatro regiones del estado, mediante unidades establecidas en distintos puntos para atender a la poblaci\u00f3n interesada en recibir formaci\u00f3n para el trabajo.<\/p>\n\n\n\n<p class=\"wp-block-paragraph\"><\/p>\n","protected":false},"excerpt":{"rendered":"<p>El Instituto de Capacitaci\u00f3n para el Trabajo mantiene cursos en distintos municipios para personas interesadas en adquirir habilidades relacionadas con el empleo, el autoempleo y el emprendimiento.<\/p>\n","protected":false},"author":4,"featured_media":51985,"comment_status":"closed","ping_status":"closed","sticky":false,"template":"","format":"standard","meta":{"_et_pb_use_builder":"off","_et_pb_old_content":"","_et_gb_content_width":"","footnotes":""},"categories":[62,280],"tags":[],"class_list":["post-51984","post","type-post","status-publish","format-standard","has-post-thumbnail","hentry","category-redaccion","category-gob-slp"],"_links":{"self":[{"href":"https:\/\/gerardoduque.com.mx\/index.php?rest_route=\/wp\/v2\/posts\/51984","targetHints":{"allow":["GET"]}}],"collection":[{"href":"https:\/\/gerardoduque.com.mx\/index.php?rest_route=\/wp\/v2\/posts"}],"about":[{"href":"https:\/\/gerardoduque.com.mx\/index.php?rest_route=\/wp\/v2\/types\/post"}],"author":[{"embeddable":true,"href":"https:\/\/gerardoduque.com.mx\/index.php?rest_route=\/wp\/v2\/users\/4"}],"replies":[{"embeddable":true,"href":"https:\/\/gerardoduque.com.mx\/index.php?rest_route=%2Fwp%2Fv2%2Fcomments&post=51984"}],"version-history":[{"count":1,"href":"https:\/\/gerardoduque.com.mx\/index.php?rest_route=\/wp\/v2\/posts\/51984\/revisions"}],"predecessor-version":[{"id":51986,"href":"https:\/\/gerardoduque.com.mx\/index.php?rest_route=\/wp\/v2\/posts\/51984\/revisions\/51986"}],"wp:featuredmedia":[{"embeddable":true,"href":"https:\/\/gerardoduque.com.mx\/index.php?rest_route=\/wp\/v2\/media\/51985"}],"wp:attachment":[{"href":"https:\/\/gerardoduque.com.mx\/index.php?rest_route=%2Fwp%2Fv2%2Fmedia&parent=51984"}],"wp:term":[{"taxonomy":"category","embeddable":true,"href":"https:\/\/gerardoduque.com.mx\/index.php?rest_route=%2Fwp%2Fv2%2Fcategories&post=51984"},{"taxonomy":"post_tag","embeddable":true,"href":"https:\/\/gerardoduque.com.mx\/index.php?rest_route=%2Fwp%2Fv2%2Ftags&post=51984"}],"curies":[{"name":"wp","href":"https:\/\/api.w.org\/{rel}","templated":true}]}}