{"id":51981,"date":"2026-09-02T22:31:34","date_gmt":"2026-09-03T04:31:34","guid":{"rendered":"https:\/\/gerardoduque.com.mx\/?p=51981"},"modified":"2026-09-02T22:31:36","modified_gmt":"2026-09-03T04:31:36","slug":"transpotosi-summit-2026-se-realizara-en-noviembre-en-san-luis-potosi","status":"publish","type":"post","link":"https:\/\/gerardoduque.com.mx\/?p=51981","title":{"rendered":"TRANSPOTOS\u00cd SUMMIT 2026 SE REALIZAR\u00c1 EN NOVIEMBRE EN SAN LUIS POTOS\u00cd"},"content":{"rendered":"\n<p class=\"wp-block-paragraph\">El evento se llevar\u00e1 a cabo en el Centro de Negocios Potos\u00ed y reunir\u00e1 a representantes de empresas y especialistas relacionados con las actividades de transporte y log\u00edstica.<\/p>\n\n\n\n<p class=\"wp-block-paragraph\">El programa contempla exhibici\u00f3n de unidades, conferencias, paneles especializados y encuentros empresariales, adem\u00e1s de espacios para establecer v\u00ednculos entre participantes del sector.<\/p>\n\n\n\n<p class=\"wp-block-paragraph\">De acuerdo con la organizaci\u00f3n, el encuentro permitir\u00e1 abordar tendencias y estrategias relacionadas con el transporte y la log\u00edstica de cara a 2027, as\u00ed como analizar posibles proyectos para la industria.<\/p>\n\n\n\n<p class=\"wp-block-paragraph\">El registro para asistir ser\u00e1 gratuito durante el periodo establecido por los organizadores y estar\u00e1 disponible mediante el sitio oficial del evento.<\/p>\n","protected":false},"excerpt":{"rendered":"<p>San Luis Potos\u00ed ser\u00e1 sede de la segunda edici\u00f3n de Transpotos\u00ed Summit 2026, encuentro programado para el 4 y 5 de noviembre con actividades dirigidas a empresas y especialistas del sector transporte, log\u00edstica y movilidad.<\/p>\n","protected":false},"author":4,"featured_media":51982,"comment_status":"closed","ping_status":"closed","sticky":false,"template":"","format":"standard","meta":{"_et_pb_use_builder":"off","_et_pb_old_content":"","_et_gb_content_width":"","footnotes":""},"categories":[62,280],"tags":[],"class_list":["post-51981","post","type-post","status-publish","format-standard","has-post-thumbnail","hentry","category-redaccion","category-gob-slp"],"_links":{"self":[{"href":"https:\/\/gerardoduque.com.mx\/index.php?rest_route=\/wp\/v2\/posts\/51981","targetHints":{"allow":["GET"]}}],"collection":[{"href":"https:\/\/gerardoduque.com.mx\/index.php?rest_route=\/wp\/v2\/posts"}],"about":[{"href":"https:\/\/gerardoduque.com.mx\/index.php?rest_route=\/wp\/v2\/types\/post"}],"author":[{"embeddable":true,"href":"https:\/\/gerardoduque.com.mx\/index.php?rest_route=\/wp\/v2\/users\/4"}],"replies":[{"embeddable":true,"href":"https:\/\/gerardoduque.com.mx\/index.php?rest_route=%2Fwp%2Fv2%2Fcomments&post=51981"}],"version-history":[{"count":1,"href":"https:\/\/gerardoduque.com.mx\/index.php?rest_route=\/wp\/v2\/posts\/51981\/revisions"}],"predecessor-version":[{"id":51983,"href":"https:\/\/gerardoduque.com.mx\/index.php?rest_route=\/wp\/v2\/posts\/51981\/revisions\/51983"}],"wp:featuredmedia":[{"embeddable":true,"href":"https:\/\/gerardoduque.com.mx\/index.php?rest_route=\/wp\/v2\/media\/51982"}],"wp:attachment":[{"href":"https:\/\/gerardoduque.com.mx\/index.php?rest_route=%2Fwp%2Fv2%2Fmedia&parent=51981"}],"wp:term":[{"taxonomy":"category","embeddable":true,"href":"https:\/\/gerardoduque.com.mx\/index.php?rest_route=%2Fwp%2Fv2%2Fcategories&post=51981"},{"taxonomy":"post_tag","embeddable":true,"href":"https:\/\/gerardoduque.com.mx\/index.php?rest_route=%2Fwp%2Fv2%2Ftags&post=51981"}],"curies":[{"name":"wp","href":"https:\/\/api.w.org\/{rel}","templated":true}]}}