{"id":51975,"date":"2026-09-02T22:26:24","date_gmt":"2026-09-03T04:26:24","guid":{"rendered":"https:\/\/gerardoduque.com.mx\/?p=51975"},"modified":"2026-09-02T22:26:26","modified_gmt":"2026-09-03T04:26:26","slug":"torres-cedillo-defiende-activismo-politico-tras-denuncia","status":"publish","type":"post","link":"https:\/\/gerardoduque.com.mx\/?p=51975","title":{"rendered":"TORRES CEDILLO DEFIENDE ACTIVISMO POL\u00cdTICO TRAS DENUNCIA"},"content":{"rendered":"\n<p class=\"wp-block-paragraph\">Juan Carlos Torres Cedillo defendi\u00f3 su derecho a expresar preferencias pol\u00edticas, pese a ocupar la Secretar\u00eda de Cultura y enfrentar una denuncia ante el Ceepac por su participaci\u00f3n en un evento de Fuerza Magister Verde en Tamazunchale.<\/p>\n\n\n\n<p class=\"wp-block-paragraph\">El partido SOMOS lo acusa de presunto proselitismo a favor de la senadora del PVEM, Ruth Miriam Gonz\u00e1lez Silva.<\/p>\n\n\n\n<p class=\"wp-block-paragraph\">\u201cObviamente como ciudadano tambi\u00e9n tengo mis preferencias y las puedo expresar\u201d, respondi\u00f3 Torres Cedillo.<\/p>\n\n\n\n<p class=\"wp-block-paragraph\">SOMOS considera que su participaci\u00f3n podr\u00eda constituir actos anticipados de campa\u00f1a. El secretario rechaza haber cometido alguna irregularidad y asegura tener argumentos para sostener su actuaci\u00f3n.<\/p>\n\n\n\n<p class=\"wp-block-paragraph\">\u201cCada quien cuenta la situaci\u00f3n a su conveniencia. Yo tengo el fundamento y yo creo que no haya cometido ning\u00fan error\u201d, declar\u00f3.<\/p>\n\n\n\n<p class=\"wp-block-paragraph\">El Ceepac deber\u00e1 resolver si su participaci\u00f3n se mantuvo dentro de sus derechos pol\u00edticos o si incurri\u00f3 en alguna conducta sancionable por su condici\u00f3n de funcionario p\u00fablico.<\/p>\n\n\n\n<p class=\"wp-block-paragraph\">Torres Cedillo asegur\u00f3 que atender\u00e1 cualquier requerimiento y que acatar\u00e1 la resoluci\u00f3n si la autoridad electoral determina sancionarlo.<\/p>\n","protected":false},"excerpt":{"rendered":"<p>El titular de Cultura niega haber cometido irregularidades<\/p>\n","protected":false},"author":4,"featured_media":51979,"comment_status":"closed","ping_status":"closed","sticky":false,"template":"","format":"standard","meta":{"_et_pb_use_builder":"off","_et_pb_old_content":"","_et_gb_content_width":"","footnotes":""},"categories":[412,62],"tags":[],"class_list":["post-51975","post","type-post","status-publish","format-standard","has-post-thumbnail","hentry","category-destacado","category-redaccion"],"_links":{"self":[{"href":"https:\/\/gerardoduque.com.mx\/index.php?rest_route=\/wp\/v2\/posts\/51975","targetHints":{"allow":["GET"]}}],"collection":[{"href":"https:\/\/gerardoduque.com.mx\/index.php?rest_route=\/wp\/v2\/posts"}],"about":[{"href":"https:\/\/gerardoduque.com.mx\/index.php?rest_route=\/wp\/v2\/types\/post"}],"author":[{"embeddable":true,"href":"https:\/\/gerardoduque.com.mx\/index.php?rest_route=\/wp\/v2\/users\/4"}],"replies":[{"embeddable":true,"href":"https:\/\/gerardoduque.com.mx\/index.php?rest_route=%2Fwp%2Fv2%2Fcomments&post=51975"}],"version-history":[{"count":1,"href":"https:\/\/gerardoduque.com.mx\/index.php?rest_route=\/wp\/v2\/posts\/51975\/revisions"}],"predecessor-version":[{"id":51980,"href":"https:\/\/gerardoduque.com.mx\/index.php?rest_route=\/wp\/v2\/posts\/51975\/revisions\/51980"}],"wp:featuredmedia":[{"embeddable":true,"href":"https:\/\/gerardoduque.com.mx\/index.php?rest_route=\/wp\/v2\/media\/51979"}],"wp:attachment":[{"href":"https:\/\/gerardoduque.com.mx\/index.php?rest_route=%2Fwp%2Fv2%2Fmedia&parent=51975"}],"wp:term":[{"taxonomy":"category","embeddable":true,"href":"https:\/\/gerardoduque.com.mx\/index.php?rest_route=%2Fwp%2Fv2%2Fcategories&post=51975"},{"taxonomy":"post_tag","embeddable":true,"href":"https:\/\/gerardoduque.com.mx\/index.php?rest_route=%2Fwp%2Fv2%2Ftags&post=51975"}],"curies":[{"name":"wp","href":"https:\/\/api.w.org\/{rel}","templated":true}]}}