{"id":51965,"date":"2026-09-02T21:35:25","date_gmt":"2026-09-03T03:35:25","guid":{"rendered":"https:\/\/gerardoduque.com.mx\/?p=51965"},"modified":"2026-09-02T21:35:26","modified_gmt":"2026-09-03T03:35:26","slug":"gallardo-responde-al-no-de-galindo","status":"publish","type":"post","link":"https:\/\/gerardoduque.com.mx\/?p=51965","title":{"rendered":"GALLARDO RESPONDE AL \u201cNO\u201d DE GALINDO"},"content":{"rendered":"\n<p class=\"wp-block-paragraph\">Ricardo Gallardo Cardona respondi\u00f3 a Enrique Galindo Ceballos luego de que el alcalde capitalino descart\u00f3 cualquier acuerdo con el Partido Verde rumbo a 2027, pero dej\u00f3 abierta la posibilidad de dialogar con Morena.<\/p>\n\n\n\n<p class=\"wp-block-paragraph\">\u201cYo con el Verde no me sentar\u00eda; con Morena, claro que s\u00ed me sentar\u00eda\u201d, declar\u00f3 Galindo.<\/p>\n\n\n\n<p class=\"wp-block-paragraph\">Ante esas declaraciones, Gallardo asegur\u00f3 que al Partido Verde le dar\u00eda gusto competir contra Galindo por la gubernatura en 2027. \u201cLa verdad que nos dar\u00eda gusto ir a una contienda con \u00e9l. Ser\u00eda algo mucho muy bueno\u201d.<\/p>\n\n\n\n<p class=\"wp-block-paragraph\">El gobernador tambi\u00e9n dijo que ser\u00eda \u201cmuy interesante verlo\u201d como candidato de Morena, aunque cuestion\u00f3 si ese partido realmente estar\u00eda dispuesto a postularlo.<\/p>\n\n\n\n<p class=\"wp-block-paragraph\">En d\u00edas recientes, Galindo expres\u00f3 que no existe ninguna negociaci\u00f3n con Morena, pero est\u00e1 dispuesto a dialogar si recibe una invitaci\u00f3n. Tambi\u00e9n mantiene abiertas sus opciones con el PAN y el PRI.<\/p>\n","protected":false},"excerpt":{"rendered":"<p>El gobernador puso en duda que Morena le abra la candidatura al alcalde de la capital <\/p>\n","protected":false},"author":4,"featured_media":51967,"comment_status":"closed","ping_status":"closed","sticky":false,"template":"","format":"standard","meta":{"_et_pb_use_builder":"off","_et_pb_old_content":"","_et_gb_content_width":"","footnotes":""},"categories":[412,62],"tags":[],"class_list":["post-51965","post","type-post","status-publish","format-standard","has-post-thumbnail","hentry","category-destacado","category-redaccion"],"_links":{"self":[{"href":"https:\/\/gerardoduque.com.mx\/index.php?rest_route=\/wp\/v2\/posts\/51965","targetHints":{"allow":["GET"]}}],"collection":[{"href":"https:\/\/gerardoduque.com.mx\/index.php?rest_route=\/wp\/v2\/posts"}],"about":[{"href":"https:\/\/gerardoduque.com.mx\/index.php?rest_route=\/wp\/v2\/types\/post"}],"author":[{"embeddable":true,"href":"https:\/\/gerardoduque.com.mx\/index.php?rest_route=\/wp\/v2\/users\/4"}],"replies":[{"embeddable":true,"href":"https:\/\/gerardoduque.com.mx\/index.php?rest_route=%2Fwp%2Fv2%2Fcomments&post=51965"}],"version-history":[{"count":2,"href":"https:\/\/gerardoduque.com.mx\/index.php?rest_route=\/wp\/v2\/posts\/51965\/revisions"}],"predecessor-version":[{"id":51968,"href":"https:\/\/gerardoduque.com.mx\/index.php?rest_route=\/wp\/v2\/posts\/51965\/revisions\/51968"}],"wp:featuredmedia":[{"embeddable":true,"href":"https:\/\/gerardoduque.com.mx\/index.php?rest_route=\/wp\/v2\/media\/51967"}],"wp:attachment":[{"href":"https:\/\/gerardoduque.com.mx\/index.php?rest_route=%2Fwp%2Fv2%2Fmedia&parent=51965"}],"wp:term":[{"taxonomy":"category","embeddable":true,"href":"https:\/\/gerardoduque.com.mx\/index.php?rest_route=%2Fwp%2Fv2%2Fcategories&post=51965"},{"taxonomy":"post_tag","embeddable":true,"href":"https:\/\/gerardoduque.com.mx\/index.php?rest_route=%2Fwp%2Fv2%2Ftags&post=51965"}],"curies":[{"name":"wp","href":"https:\/\/api.w.org\/{rel}","templated":true}]}}