{"id":51961,"date":"2026-09-02T11:22:47","date_gmt":"2026-09-02T17:22:47","guid":{"rendered":"https:\/\/gerardoduque.com.mx\/?p=51961"},"modified":"2026-09-02T11:22:49","modified_gmt":"2026-09-02T17:22:49","slug":"sheinbaum-llega-el-viernes-a-la-arena-potosi","status":"publish","type":"post","link":"https:\/\/gerardoduque.com.mx\/?p=51961","title":{"rendered":"SHEINBAUM LLEGA EL VIERNES A LA ARENA POTOS\u00cd"},"content":{"rendered":"\n<p class=\"wp-block-paragraph\">La presidenta de M\u00e9xico, Claudia Sheinbaum Pardo, visitar\u00e1 San Luis Potos\u00ed este viernes 4 de septiembre como parte de la gira nacional posterior a la presentaci\u00f3n de su Segundo Informe de Resultados. La mandataria encabezar\u00e1 un encuentro ciudadano en la Arena Potos\u00ed, donde dar\u00e1 a conocer avances de programas sociales, inversiones federales y proyectos de infraestructura para la entidad.<\/p>\n\n\n\n<p class=\"wp-block-paragraph\">Durante la visita tambi\u00e9n se prev\u00e9 abordar, junto con el gobernador Ricardo Gallardo Cardona, proyectos relacionados con educaci\u00f3n, salud, seguridad y obras h\u00eddricas. El horario del evento a\u00fan est\u00e1 por definirse.<\/p>\n","protected":false},"excerpt":{"rendered":"<p>Estar\u00e1 acompa\u00f1ada por el gobernador Gallardo <\/p>\n","protected":false},"author":4,"featured_media":51962,"comment_status":"closed","ping_status":"closed","sticky":false,"template":"","format":"standard","meta":{"_et_pb_use_builder":"off","_et_pb_old_content":"","_et_gb_content_width":"","footnotes":""},"categories":[412,62],"tags":[],"class_list":["post-51961","post","type-post","status-publish","format-standard","has-post-thumbnail","hentry","category-destacado","category-redaccion"],"_links":{"self":[{"href":"https:\/\/gerardoduque.com.mx\/index.php?rest_route=\/wp\/v2\/posts\/51961","targetHints":{"allow":["GET"]}}],"collection":[{"href":"https:\/\/gerardoduque.com.mx\/index.php?rest_route=\/wp\/v2\/posts"}],"about":[{"href":"https:\/\/gerardoduque.com.mx\/index.php?rest_route=\/wp\/v2\/types\/post"}],"author":[{"embeddable":true,"href":"https:\/\/gerardoduque.com.mx\/index.php?rest_route=\/wp\/v2\/users\/4"}],"replies":[{"embeddable":true,"href":"https:\/\/gerardoduque.com.mx\/index.php?rest_route=%2Fwp%2Fv2%2Fcomments&post=51961"}],"version-history":[{"count":1,"href":"https:\/\/gerardoduque.com.mx\/index.php?rest_route=\/wp\/v2\/posts\/51961\/revisions"}],"predecessor-version":[{"id":51963,"href":"https:\/\/gerardoduque.com.mx\/index.php?rest_route=\/wp\/v2\/posts\/51961\/revisions\/51963"}],"wp:featuredmedia":[{"embeddable":true,"href":"https:\/\/gerardoduque.com.mx\/index.php?rest_route=\/wp\/v2\/media\/51962"}],"wp:attachment":[{"href":"https:\/\/gerardoduque.com.mx\/index.php?rest_route=%2Fwp%2Fv2%2Fmedia&parent=51961"}],"wp:term":[{"taxonomy":"category","embeddable":true,"href":"https:\/\/gerardoduque.com.mx\/index.php?rest_route=%2Fwp%2Fv2%2Fcategories&post=51961"},{"taxonomy":"post_tag","embeddable":true,"href":"https:\/\/gerardoduque.com.mx\/index.php?rest_route=%2Fwp%2Fv2%2Ftags&post=51961"}],"curies":[{"name":"wp","href":"https:\/\/api.w.org\/{rel}","templated":true}]}}