{"id":51953,"date":"2026-09-01T19:53:20","date_gmt":"2026-09-02T01:53:20","guid":{"rendered":"https:\/\/gerardoduque.com.mx\/?p=51953"},"modified":"2026-09-01T19:53:21","modified_gmt":"2026-09-02T01:53:21","slug":"jovenes-de-slp-concluyen-curso-de-manejo-y-seguridad-vial","status":"publish","type":"post","link":"https:\/\/gerardoduque.com.mx\/?p=51953","title":{"rendered":"J\u00d3VENES DE SLP CONCLUYEN\u00a0CURSO DE MANEJO Y SEGURIDAD VIAL"},"content":{"rendered":"\n<p class=\"wp-block-paragraph\">Los participantes recibieron capacitaci\u00f3n sobre leyes y reglamentos de tr\u00e1nsito, se\u00f1al\u00e9tica, medidas preventivas y pr\u00e1cticas de conducci\u00f3n con instructores especializados.<\/p>\n\n\n\n<p class=\"wp-block-paragraph\">El Inpojuve inform\u00f3 que ya est\u00e1 abierta la inscripci\u00f3n para el segundo curso de septiembre, disponible del 31 de agosto al 4 de septiembre, de 9:00 a 15:00 horas, con una cuota de recuperaci\u00f3n de 665 pesos y cupo limitado.<\/p>\n\n\n\n<p class=\"wp-block-paragraph\">El curso semanal comenzar\u00e1 el 14 de septiembre y tendr\u00e1 una duraci\u00f3n aproximada de tres semanas y media, mientras que la modalidad sabatina se desarrollar\u00e1 del 19 de septiembre al 10 de octubre.<\/p>\n","protected":false},"excerpt":{"rendered":"<p>M\u00e1s de 100 j\u00f3venes concluyeron un curso de manejo impartido por el Instituto Potosino de la Juventud y la Guardia Civil Estatal, con capacitaci\u00f3n en conducci\u00f3n, seguridad vial y mec\u00e1nica b\u00e1sica.<\/p>\n","protected":false},"author":4,"featured_media":51954,"comment_status":"closed","ping_status":"closed","sticky":false,"template":"","format":"standard","meta":{"_et_pb_use_builder":"off","_et_pb_old_content":"","_et_gb_content_width":"","footnotes":""},"categories":[62,280],"tags":[],"class_list":["post-51953","post","type-post","status-publish","format-standard","has-post-thumbnail","hentry","category-redaccion","category-gob-slp"],"_links":{"self":[{"href":"https:\/\/gerardoduque.com.mx\/index.php?rest_route=\/wp\/v2\/posts\/51953","targetHints":{"allow":["GET"]}}],"collection":[{"href":"https:\/\/gerardoduque.com.mx\/index.php?rest_route=\/wp\/v2\/posts"}],"about":[{"href":"https:\/\/gerardoduque.com.mx\/index.php?rest_route=\/wp\/v2\/types\/post"}],"author":[{"embeddable":true,"href":"https:\/\/gerardoduque.com.mx\/index.php?rest_route=\/wp\/v2\/users\/4"}],"replies":[{"embeddable":true,"href":"https:\/\/gerardoduque.com.mx\/index.php?rest_route=%2Fwp%2Fv2%2Fcomments&post=51953"}],"version-history":[{"count":1,"href":"https:\/\/gerardoduque.com.mx\/index.php?rest_route=\/wp\/v2\/posts\/51953\/revisions"}],"predecessor-version":[{"id":51955,"href":"https:\/\/gerardoduque.com.mx\/index.php?rest_route=\/wp\/v2\/posts\/51953\/revisions\/51955"}],"wp:featuredmedia":[{"embeddable":true,"href":"https:\/\/gerardoduque.com.mx\/index.php?rest_route=\/wp\/v2\/media\/51954"}],"wp:attachment":[{"href":"https:\/\/gerardoduque.com.mx\/index.php?rest_route=%2Fwp%2Fv2%2Fmedia&parent=51953"}],"wp:term":[{"taxonomy":"category","embeddable":true,"href":"https:\/\/gerardoduque.com.mx\/index.php?rest_route=%2Fwp%2Fv2%2Fcategories&post=51953"},{"taxonomy":"post_tag","embeddable":true,"href":"https:\/\/gerardoduque.com.mx\/index.php?rest_route=%2Fwp%2Fv2%2Ftags&post=51953"}],"curies":[{"name":"wp","href":"https:\/\/api.w.org\/{rel}","templated":true}]}}