{"id":51949,"date":"2026-09-01T19:51:14","date_gmt":"2026-09-02T01:51:14","guid":{"rendered":"https:\/\/gerardoduque.com.mx\/?p=51949"},"modified":"2026-09-01T19:51:16","modified_gmt":"2026-09-02T01:51:16","slug":"san-luis-potosi-participa-en-acuerdos-nacionales-de-transparencia","status":"publish","type":"post","link":"https:\/\/gerardoduque.com.mx\/?p=51949","title":{"rendered":"SAN LUIS POTOS\u00cd PARTICIPA EN\u00a0ACUERDOS NACIONALES DE TRANSPARENCIA"},"content":{"rendered":"\n<p class=\"wp-block-paragraph\">El Contralor General del Estado, Sergio Arturo Agui\u00f1aga Mu\u00f1iz, particip\u00f3 en la Segunda Sesi\u00f3n Ordinaria 2026 del Consejo del Sistema Nacional de Acceso a la Informaci\u00f3n P\u00fablica, donde fueron aprobadas las reglas de operaci\u00f3n y funcionamiento del organismo.<\/p>\n\n\n\n<p class=\"wp-block-paragraph\">Durante la sesi\u00f3n se establecieron criterios comunes para facilitar el acceso a la informaci\u00f3n p\u00fablica y homologar su presentaci\u00f3n entre las entidades.<\/p>\n\n\n\n<p class=\"wp-block-paragraph\">Tambi\u00e9n se presentaron avances en la elaboraci\u00f3n de la Pol\u00edtica Nacional en materia de Transparencia y Acceso a la Informaci\u00f3n.<\/p>\n","protected":false},"excerpt":{"rendered":"<p>San Luis Potos\u00ed participa en acuerdos nacionales para establecer criterios comunes de transparencia y facilitar el acceso a la informaci\u00f3n p\u00fablica.<\/p>\n","protected":false},"author":4,"featured_media":51951,"comment_status":"closed","ping_status":"closed","sticky":false,"template":"","format":"standard","meta":{"_et_pb_use_builder":"off","_et_pb_old_content":"","_et_gb_content_width":"","footnotes":""},"categories":[62,280],"tags":[],"class_list":["post-51949","post","type-post","status-publish","format-standard","has-post-thumbnail","hentry","category-redaccion","category-gob-slp"],"_links":{"self":[{"href":"https:\/\/gerardoduque.com.mx\/index.php?rest_route=\/wp\/v2\/posts\/51949","targetHints":{"allow":["GET"]}}],"collection":[{"href":"https:\/\/gerardoduque.com.mx\/index.php?rest_route=\/wp\/v2\/posts"}],"about":[{"href":"https:\/\/gerardoduque.com.mx\/index.php?rest_route=\/wp\/v2\/types\/post"}],"author":[{"embeddable":true,"href":"https:\/\/gerardoduque.com.mx\/index.php?rest_route=\/wp\/v2\/users\/4"}],"replies":[{"embeddable":true,"href":"https:\/\/gerardoduque.com.mx\/index.php?rest_route=%2Fwp%2Fv2%2Fcomments&post=51949"}],"version-history":[{"count":1,"href":"https:\/\/gerardoduque.com.mx\/index.php?rest_route=\/wp\/v2\/posts\/51949\/revisions"}],"predecessor-version":[{"id":51952,"href":"https:\/\/gerardoduque.com.mx\/index.php?rest_route=\/wp\/v2\/posts\/51949\/revisions\/51952"}],"wp:featuredmedia":[{"embeddable":true,"href":"https:\/\/gerardoduque.com.mx\/index.php?rest_route=\/wp\/v2\/media\/51951"}],"wp:attachment":[{"href":"https:\/\/gerardoduque.com.mx\/index.php?rest_route=%2Fwp%2Fv2%2Fmedia&parent=51949"}],"wp:term":[{"taxonomy":"category","embeddable":true,"href":"https:\/\/gerardoduque.com.mx\/index.php?rest_route=%2Fwp%2Fv2%2Fcategories&post=51949"},{"taxonomy":"post_tag","embeddable":true,"href":"https:\/\/gerardoduque.com.mx\/index.php?rest_route=%2Fwp%2Fv2%2Ftags&post=51949"}],"curies":[{"name":"wp","href":"https:\/\/api.w.org\/{rel}","templated":true}]}}