{"id":51943,"date":"2026-09-01T19:45:18","date_gmt":"2026-09-02T01:45:18","guid":{"rendered":"https:\/\/gerardoduque.com.mx\/?p=51943"},"modified":"2026-09-01T19:45:20","modified_gmt":"2026-09-02T01:45:20","slug":"san-luis-potosi-inicia-nuevo-ciclo-con-mas-de-medio-millon-de-estudiantes","status":"publish","type":"post","link":"https:\/\/gerardoduque.com.mx\/?p=51943","title":{"rendered":"SAN LUIS POTOS\u00cd INICIA\u00a0NUEVO CICLO CON M\u00c1S DE MEDIO MILL\u00d3N\u00a0DE ESTUDIANTES"},"content":{"rendered":"\n<p class=\"wp-block-paragraph\">El inicio formal del ciclo escolar se realiz\u00f3 en el Auditorio Miguel Barrag\u00e1n, con la participaci\u00f3n de autoridades educativas y m\u00e1s de mil 600 estudiantes de primaria, secundaria y preparatoria del Sistema Educativo Estatal Regular.<\/p>\n\n\n\n<p class=\"wp-block-paragraph\">En el SEER, m\u00e1s de 96 mil estudiantes y nueve mil docentes retomaron actividades, mientras que a nivel estatal la cifra supera el medio mill\u00f3n de alumnos y los 33 mil maestros de educaci\u00f3n b\u00e1sica.<\/p>\n\n\n\n<p class=\"wp-block-paragraph\">Durante el acto tambi\u00e9n se inform\u00f3 sobre la entrega de paquetes escolares y trabajos de remodelaci\u00f3n en centros educativos como parte de las acciones previstas para el nuevo periodo escolar.<\/p>\n","protected":false},"excerpt":{"rendered":"<p>M\u00e1s de medio mill\u00f3n de estudiantes y m\u00e1s de 33 mil docentes de educaci\u00f3n b\u00e1sica regresaron a las aulas en las cuatro regiones de San Luis Potos\u00ed para iniciar el ciclo escolar 2026-2027.<\/p>\n","protected":false},"author":4,"featured_media":51944,"comment_status":"closed","ping_status":"closed","sticky":false,"template":"","format":"standard","meta":{"_et_pb_use_builder":"off","_et_pb_old_content":"","_et_gb_content_width":"","footnotes":""},"categories":[62,280],"tags":[],"class_list":["post-51943","post","type-post","status-publish","format-standard","has-post-thumbnail","hentry","category-redaccion","category-gob-slp"],"_links":{"self":[{"href":"https:\/\/gerardoduque.com.mx\/index.php?rest_route=\/wp\/v2\/posts\/51943","targetHints":{"allow":["GET"]}}],"collection":[{"href":"https:\/\/gerardoduque.com.mx\/index.php?rest_route=\/wp\/v2\/posts"}],"about":[{"href":"https:\/\/gerardoduque.com.mx\/index.php?rest_route=\/wp\/v2\/types\/post"}],"author":[{"embeddable":true,"href":"https:\/\/gerardoduque.com.mx\/index.php?rest_route=\/wp\/v2\/users\/4"}],"replies":[{"embeddable":true,"href":"https:\/\/gerardoduque.com.mx\/index.php?rest_route=%2Fwp%2Fv2%2Fcomments&post=51943"}],"version-history":[{"count":1,"href":"https:\/\/gerardoduque.com.mx\/index.php?rest_route=\/wp\/v2\/posts\/51943\/revisions"}],"predecessor-version":[{"id":51945,"href":"https:\/\/gerardoduque.com.mx\/index.php?rest_route=\/wp\/v2\/posts\/51943\/revisions\/51945"}],"wp:featuredmedia":[{"embeddable":true,"href":"https:\/\/gerardoduque.com.mx\/index.php?rest_route=\/wp\/v2\/media\/51944"}],"wp:attachment":[{"href":"https:\/\/gerardoduque.com.mx\/index.php?rest_route=%2Fwp%2Fv2%2Fmedia&parent=51943"}],"wp:term":[{"taxonomy":"category","embeddable":true,"href":"https:\/\/gerardoduque.com.mx\/index.php?rest_route=%2Fwp%2Fv2%2Fcategories&post=51943"},{"taxonomy":"post_tag","embeddable":true,"href":"https:\/\/gerardoduque.com.mx\/index.php?rest_route=%2Fwp%2Fv2%2Ftags&post=51943"}],"curies":[{"name":"wp","href":"https:\/\/api.w.org\/{rel}","templated":true}]}}