{"id":51924,"date":"2026-09-01T19:18:48","date_gmt":"2026-09-02T01:18:48","guid":{"rendered":"https:\/\/gerardoduque.com.mx\/?p=51924"},"modified":"2026-09-01T19:18:50","modified_gmt":"2026-09-02T01:18:50","slug":"cd-valles-brinda-atencion-psicologica-gratuita-a-trabajadores","status":"publish","type":"post","link":"https:\/\/gerardoduque.com.mx\/?p=51924","title":{"rendered":"CD. VALLES BRINDA\u00a0ATENCI\u00d3N PSICOL\u00d3GICA GRATUITA\u00a0A TRABAJADORES"},"content":{"rendered":"\n<p class=\"wp-block-paragraph\">El Departamento de Servicios Municipales de Salud de Cd. Valles inici\u00f3 este 1 de septiembre las actividades del Mes Amarillo, campa\u00f1a enfocada en la prevenci\u00f3n y atenci\u00f3n de la salud emocional.<\/p>\n\n\n\n<p class=\"wp-block-paragraph\">Como parte de los servicios disponibles, se ofrece atenci\u00f3n psicol\u00f3gica gratuita a trabajadores del Ayuntamiento, sus familiares y beneficiarios directos. Actualmente, alrededor de 25 pacientes acuden semanalmente a sesiones de psicolog\u00eda.<\/p>\n\n\n\n<p class=\"wp-block-paragraph\">Las actividades contemplan acciones de concientizaci\u00f3n sobre la importancia de solicitar apoyo profesional cuando sea necesario, as\u00ed como la prevenci\u00f3n y atenci\u00f3n oportuna de situaciones relacionadas con la salud emocional.<\/p>\n\n\n\n<p class=\"wp-block-paragraph\">La atenci\u00f3n psicol\u00f3gica se mantiene disponible en las instalaciones de Servicios Municipales de Salud para los trabajadores y sus familiares que requieran este servicio.<\/p>\n","protected":false},"excerpt":{"rendered":"<p>El servicio atiende actualmente a unos 25 pacientes por semana y est\u00e1 dirigido a trabajadores municipales, familiares y beneficiarios directos.<\/p>\n","protected":false},"author":4,"featured_media":51925,"comment_status":"closed","ping_status":"closed","sticky":false,"template":"","format":"standard","meta":{"_et_pb_use_builder":"off","_et_pb_old_content":"","_et_gb_content_width":"","footnotes":""},"categories":[62],"tags":[],"class_list":["post-51924","post","type-post","status-publish","format-standard","has-post-thumbnail","hentry","category-redaccion"],"_links":{"self":[{"href":"https:\/\/gerardoduque.com.mx\/index.php?rest_route=\/wp\/v2\/posts\/51924","targetHints":{"allow":["GET"]}}],"collection":[{"href":"https:\/\/gerardoduque.com.mx\/index.php?rest_route=\/wp\/v2\/posts"}],"about":[{"href":"https:\/\/gerardoduque.com.mx\/index.php?rest_route=\/wp\/v2\/types\/post"}],"author":[{"embeddable":true,"href":"https:\/\/gerardoduque.com.mx\/index.php?rest_route=\/wp\/v2\/users\/4"}],"replies":[{"embeddable":true,"href":"https:\/\/gerardoduque.com.mx\/index.php?rest_route=%2Fwp%2Fv2%2Fcomments&post=51924"}],"version-history":[{"count":1,"href":"https:\/\/gerardoduque.com.mx\/index.php?rest_route=\/wp\/v2\/posts\/51924\/revisions"}],"predecessor-version":[{"id":51926,"href":"https:\/\/gerardoduque.com.mx\/index.php?rest_route=\/wp\/v2\/posts\/51924\/revisions\/51926"}],"wp:featuredmedia":[{"embeddable":true,"href":"https:\/\/gerardoduque.com.mx\/index.php?rest_route=\/wp\/v2\/media\/51925"}],"wp:attachment":[{"href":"https:\/\/gerardoduque.com.mx\/index.php?rest_route=%2Fwp%2Fv2%2Fmedia&parent=51924"}],"wp:term":[{"taxonomy":"category","embeddable":true,"href":"https:\/\/gerardoduque.com.mx\/index.php?rest_route=%2Fwp%2Fv2%2Fcategories&post=51924"},{"taxonomy":"post_tag","embeddable":true,"href":"https:\/\/gerardoduque.com.mx\/index.php?rest_route=%2Fwp%2Fv2%2Ftags&post=51924"}],"curies":[{"name":"wp","href":"https:\/\/api.w.org\/{rel}","templated":true}]}}