{"id":51918,"date":"2026-09-01T19:07:08","date_gmt":"2026-09-02T01:07:08","guid":{"rendered":"https:\/\/gerardoduque.com.mx\/?p=51918"},"modified":"2026-09-01T19:07:10","modified_gmt":"2026-09-02T01:07:10","slug":"perfilan-cambios-en-gabinete-de-gallardo-por-elecciones","status":"publish","type":"post","link":"https:\/\/gerardoduque.com.mx\/?p=51918","title":{"rendered":"PERFILAN CAMBIOS EN GABINETE DE GALLARDO POR ELECCIONES"},"content":{"rendered":"\n<p class=\"wp-block-paragraph\">El proceso electoral de 2027 podr\u00eda provocar salidas en el gabinete de Ricardo Gallardo Cardona, conforme funcionarios estatales definan si permanecen en sus cargos o buscan una candidatura.<\/p>\n\n\n\n<p class=\"wp-block-paragraph\">El secretario General de Gobierno, J. Guadalupe Torres S\u00e1nchez, reconoci\u00f3 que las aspiraciones pol\u00edticas podr\u00edan comenzar a hacerse p\u00fablicas pr\u00f3ximamente, aunque hasta ahora ning\u00fan integrante del gabinete le ha comunicado formalmente su intenci\u00f3n de competir.<\/p>\n\n\n\n<p class=\"wp-block-paragraph\">Las eventuales salidas coincidir\u00edan con los ajustes que Gallardo Cardona ya anticip\u00f3 para la \u00faltima etapa de su administraci\u00f3n. El gobernador adelant\u00f3 que contempla al menos dos modificaciones m\u00e1s en su equipo, sin revelar nombres ni dependencias.<\/p>\n\n\n\n<p class=\"wp-block-paragraph\">Torres S\u00e1nchez advirti\u00f3 adem\u00e1s que cualquier funcionario que decida participar activamente en el proceso electoral deber\u00e1 separarse de sus responsabilidades en el Gobierno del Estado.<\/p>\n\n\n\n<p class=\"wp-block-paragraph\">\u201cSeguramente en cualquier momento va a hacerse conocimiento de ustedes\u201d, se\u00f1al\u00f3 sobre las posibles aspiraciones.<\/p>\n\n\n\n<p class=\"wp-block-paragraph\">Con el proceso federal por arrancar el 10 de septiembre y el local el 15 de noviembre, las definiciones rumbo a 2027 podr\u00edan acelerar una nueva reconfiguraci\u00f3n del gabinete estatal.<\/p>\n","protected":false},"excerpt":{"rendered":"<p>Al menos dos movimientos adicionales ya hab\u00edan sido anticipados<\/p>\n","protected":false},"author":4,"featured_media":51919,"comment_status":"closed","ping_status":"closed","sticky":false,"template":"","format":"standard","meta":{"_et_pb_use_builder":"off","_et_pb_old_content":"","_et_gb_content_width":"","footnotes":""},"categories":[412,62],"tags":[],"class_list":["post-51918","post","type-post","status-publish","format-standard","has-post-thumbnail","hentry","category-destacado","category-redaccion"],"_links":{"self":[{"href":"https:\/\/gerardoduque.com.mx\/index.php?rest_route=\/wp\/v2\/posts\/51918","targetHints":{"allow":["GET"]}}],"collection":[{"href":"https:\/\/gerardoduque.com.mx\/index.php?rest_route=\/wp\/v2\/posts"}],"about":[{"href":"https:\/\/gerardoduque.com.mx\/index.php?rest_route=\/wp\/v2\/types\/post"}],"author":[{"embeddable":true,"href":"https:\/\/gerardoduque.com.mx\/index.php?rest_route=\/wp\/v2\/users\/4"}],"replies":[{"embeddable":true,"href":"https:\/\/gerardoduque.com.mx\/index.php?rest_route=%2Fwp%2Fv2%2Fcomments&post=51918"}],"version-history":[{"count":1,"href":"https:\/\/gerardoduque.com.mx\/index.php?rest_route=\/wp\/v2\/posts\/51918\/revisions"}],"predecessor-version":[{"id":51920,"href":"https:\/\/gerardoduque.com.mx\/index.php?rest_route=\/wp\/v2\/posts\/51918\/revisions\/51920"}],"wp:featuredmedia":[{"embeddable":true,"href":"https:\/\/gerardoduque.com.mx\/index.php?rest_route=\/wp\/v2\/media\/51919"}],"wp:attachment":[{"href":"https:\/\/gerardoduque.com.mx\/index.php?rest_route=%2Fwp%2Fv2%2Fmedia&parent=51918"}],"wp:term":[{"taxonomy":"category","embeddable":true,"href":"https:\/\/gerardoduque.com.mx\/index.php?rest_route=%2Fwp%2Fv2%2Fcategories&post=51918"},{"taxonomy":"post_tag","embeddable":true,"href":"https:\/\/gerardoduque.com.mx\/index.php?rest_route=%2Fwp%2Fv2%2Ftags&post=51918"}],"curies":[{"name":"wp","href":"https:\/\/api.w.org\/{rel}","templated":true}]}}