{"id":51897,"date":"2026-08-31T21:23:47","date_gmt":"2026-09-01T03:23:47","guid":{"rendered":"https:\/\/gerardoduque.com.mx\/?p=51897"},"modified":"2026-08-31T21:23:52","modified_gmt":"2026-09-01T03:23:52","slug":"san-luis-potosi-integra-presupuesto-de-egresos-para-2027","status":"publish","type":"post","link":"https:\/\/gerardoduque.com.mx\/?p=51897","title":{"rendered":"SAN LUIS POTOS\u00cd INTEGRA PRESUPUESTO DE EGRESOS PARA 2027"},"content":{"rendered":"\n<p class=\"wp-block-paragraph\">La Secretar\u00eda de Finanzas avanza en la elaboraci\u00f3n del Presupuesto de Egresos 2027, que corresponder\u00e1 al \u00faltimo ejercicio presupuestal de la actual administraci\u00f3n estatal. El proceso contempla mantener programas, atender prioridades y considerar las condiciones financieras para el siguiente a\u00f1o.<\/p>\n\n\n\n<p class=\"wp-block-paragraph\">Durante la presentaci\u00f3n de los lineamientos participaron titulares y responsables de \u00e1reas administrativas, de planeaci\u00f3n y unidades de g\u00e9nero de las dependencias de la Administraci\u00f3n P\u00fablica Central. La titular de la Sefin, Ariana Garc\u00eda Vidal, indic\u00f3 que los anteproyectos deber\u00e1n ajustarse a las posibilidades financieras del estado.<\/p>\n\n\n\n<p class=\"wp-block-paragraph\">Para 2027 se contempla como techo presupuestal un monto equivalente al presupuesto autorizado por el Congreso del Estado para 2026. Ante este escenario, las dependencias deber\u00e1n revisar sus costos de operaci\u00f3n e incorporar las previsiones correspondientes al cambio de administraci\u00f3n.<\/p>\n\n\n\n<p class=\"wp-block-paragraph\">La integraci\u00f3n del proyecto continuar\u00e1 con la elaboraci\u00f3n de los anteproyectos de gasto de las distintas \u00e1reas, con base en los lineamientos establecidos por la Secretar\u00eda de Finanzas y el l\u00edmite presupuestal previsto para el pr\u00f3ximo ejercicio.<\/p>\n","protected":false},"excerpt":{"rendered":"<p>La Secretar\u00eda de Finanzas inici\u00f3 la integraci\u00f3n del Presupuesto de Egresos 2027, cuyo techo presupuestal se plantea con base en el monto autorizado para 2026. Las dependencias deber\u00e1n elaborar propuestas ajustadas a la capacidad financiera estatal.<\/p>\n","protected":false},"author":4,"featured_media":51898,"comment_status":"closed","ping_status":"closed","sticky":false,"template":"","format":"standard","meta":{"_et_pb_use_builder":"off","_et_pb_old_content":"","_et_gb_content_width":"","footnotes":""},"categories":[62,280],"tags":[],"class_list":["post-51897","post","type-post","status-publish","format-standard","has-post-thumbnail","hentry","category-redaccion","category-gob-slp"],"_links":{"self":[{"href":"https:\/\/gerardoduque.com.mx\/index.php?rest_route=\/wp\/v2\/posts\/51897","targetHints":{"allow":["GET"]}}],"collection":[{"href":"https:\/\/gerardoduque.com.mx\/index.php?rest_route=\/wp\/v2\/posts"}],"about":[{"href":"https:\/\/gerardoduque.com.mx\/index.php?rest_route=\/wp\/v2\/types\/post"}],"author":[{"embeddable":true,"href":"https:\/\/gerardoduque.com.mx\/index.php?rest_route=\/wp\/v2\/users\/4"}],"replies":[{"embeddable":true,"href":"https:\/\/gerardoduque.com.mx\/index.php?rest_route=%2Fwp%2Fv2%2Fcomments&post=51897"}],"version-history":[{"count":1,"href":"https:\/\/gerardoduque.com.mx\/index.php?rest_route=\/wp\/v2\/posts\/51897\/revisions"}],"predecessor-version":[{"id":51899,"href":"https:\/\/gerardoduque.com.mx\/index.php?rest_route=\/wp\/v2\/posts\/51897\/revisions\/51899"}],"wp:featuredmedia":[{"embeddable":true,"href":"https:\/\/gerardoduque.com.mx\/index.php?rest_route=\/wp\/v2\/media\/51898"}],"wp:attachment":[{"href":"https:\/\/gerardoduque.com.mx\/index.php?rest_route=%2Fwp%2Fv2%2Fmedia&parent=51897"}],"wp:term":[{"taxonomy":"category","embeddable":true,"href":"https:\/\/gerardoduque.com.mx\/index.php?rest_route=%2Fwp%2Fv2%2Fcategories&post=51897"},{"taxonomy":"post_tag","embeddable":true,"href":"https:\/\/gerardoduque.com.mx\/index.php?rest_route=%2Fwp%2Fv2%2Ftags&post=51897"}],"curies":[{"name":"wp","href":"https:\/\/api.w.org\/{rel}","templated":true}]}}