{"id":51894,"date":"2026-08-31T21:19:51","date_gmt":"2026-09-01T03:19:51","guid":{"rendered":"https:\/\/gerardoduque.com.mx\/?p=51894"},"modified":"2026-08-31T21:19:57","modified_gmt":"2026-09-01T03:19:57","slug":"san-luis-potosi-reduce-pobreza-laboral-durante-el-segundo-trimestre","status":"publish","type":"post","link":"https:\/\/gerardoduque.com.mx\/?p=51894","title":{"rendered":"SAN LUIS POTOS\u00cd REDUCE POBREZA LABORAL DURANTE EL SEGUNDO TRIMESTRE"},"content":{"rendered":"\n<p class=\"wp-block-paragraph\">De acuerdo con datos del Instituto Nacional de Estad\u00edstica y Geograf\u00eda correspondientes al segundo trimestre de 2026, San Luis Potos\u00ed registr\u00f3 una reducci\u00f3n de 9.3 puntos porcentuales en la pobreza laboral y un incremento de 20.3 por ciento en el ingreso laboral real por persona.<\/p>\n\n\n\n<p class=\"wp-block-paragraph\">La informaci\u00f3n tambi\u00e9n se\u00f1ala un crecimiento de 38.8 por ciento en la masa salarial de la entidad durante el mismo periodo. Con estos resultados, el estado se ubic\u00f3 en el tercer lugar nacional en reducci\u00f3n de pobreza laboral y crecimiento del ingreso laboral real por persona.<\/p>\n\n\n\n<p class=\"wp-block-paragraph\">La titular del Consejo Estatal de Poblaci\u00f3n, Mayra Edith Vel\u00e1zquez Loera, inform\u00f3 que los indicadores forman parte de los resultados laborales registrados durante el segundo trimestre del a\u00f1o.<\/p>\n\n\n\n<p class=\"wp-block-paragraph\">Los datos corresponden a mediciones sobre las condiciones de ingreso laboral de la poblaci\u00f3n y permiten observar cambios en la capacidad econ\u00f3mica de los hogares durante el periodo reportado.<\/p>\n","protected":false},"excerpt":{"rendered":"<p>San Luis Potos\u00ed registr\u00f3 una reducci\u00f3n de 9.3 puntos porcentuales en pobreza laboral durante el segundo trimestre de 2026, adem\u00e1s de un aumento de 20.3 por ciento en el ingreso laboral real por persona, seg\u00fan datos del INEGI.<\/p>\n","protected":false},"author":4,"featured_media":51895,"comment_status":"closed","ping_status":"closed","sticky":false,"template":"","format":"standard","meta":{"_et_pb_use_builder":"off","_et_pb_old_content":"","_et_gb_content_width":"","footnotes":""},"categories":[62,280],"tags":[],"class_list":["post-51894","post","type-post","status-publish","format-standard","has-post-thumbnail","hentry","category-redaccion","category-gob-slp"],"_links":{"self":[{"href":"https:\/\/gerardoduque.com.mx\/index.php?rest_route=\/wp\/v2\/posts\/51894","targetHints":{"allow":["GET"]}}],"collection":[{"href":"https:\/\/gerardoduque.com.mx\/index.php?rest_route=\/wp\/v2\/posts"}],"about":[{"href":"https:\/\/gerardoduque.com.mx\/index.php?rest_route=\/wp\/v2\/types\/post"}],"author":[{"embeddable":true,"href":"https:\/\/gerardoduque.com.mx\/index.php?rest_route=\/wp\/v2\/users\/4"}],"replies":[{"embeddable":true,"href":"https:\/\/gerardoduque.com.mx\/index.php?rest_route=%2Fwp%2Fv2%2Fcomments&post=51894"}],"version-history":[{"count":1,"href":"https:\/\/gerardoduque.com.mx\/index.php?rest_route=\/wp\/v2\/posts\/51894\/revisions"}],"predecessor-version":[{"id":51896,"href":"https:\/\/gerardoduque.com.mx\/index.php?rest_route=\/wp\/v2\/posts\/51894\/revisions\/51896"}],"wp:featuredmedia":[{"embeddable":true,"href":"https:\/\/gerardoduque.com.mx\/index.php?rest_route=\/wp\/v2\/media\/51895"}],"wp:attachment":[{"href":"https:\/\/gerardoduque.com.mx\/index.php?rest_route=%2Fwp%2Fv2%2Fmedia&parent=51894"}],"wp:term":[{"taxonomy":"category","embeddable":true,"href":"https:\/\/gerardoduque.com.mx\/index.php?rest_route=%2Fwp%2Fv2%2Fcategories&post=51894"},{"taxonomy":"post_tag","embeddable":true,"href":"https:\/\/gerardoduque.com.mx\/index.php?rest_route=%2Fwp%2Fv2%2Ftags&post=51894"}],"curies":[{"name":"wp","href":"https:\/\/api.w.org\/{rel}","templated":true}]}}