{"id":51891,"date":"2026-08-31T21:16:19","date_gmt":"2026-09-01T03:16:19","guid":{"rendered":"https:\/\/gerardoduque.com.mx\/?p=51891"},"modified":"2026-08-31T21:16:26","modified_gmt":"2026-09-01T03:16:26","slug":"mas-de-200-docentes-reciben-capacitacion-en-educacion-inclusiva","status":"publish","type":"post","link":"https:\/\/gerardoduque.com.mx\/?p=51891","title":{"rendered":"M\u00c1S DE 200 DOCENTES RECIBEN CAPACITACI\u00d3N EN EDUCACI\u00d3N INCLUSIVA"},"content":{"rendered":"\n<p class=\"wp-block-paragraph\">M\u00e1s de 200 docentes de educaci\u00f3n preescolar participaron en una jornada de actualizaci\u00f3n organizada por el Sistema Educativo Estatal Regular, en la que se abordaron estrategias para atender la diversidad dentro de las aulas.<\/p>\n\n\n\n<p class=\"wp-block-paragraph\">Durante la capacitaci\u00f3n se revisaron contenidos relacionados con el Dise\u00f1o Universal para el Aprendizaje y las barreras que pueden dificultar el aprendizaje y la participaci\u00f3n de los estudiantes. Los temas estuvieron orientados a la aplicaci\u00f3n de herramientas did\u00e1cticas en el entorno escolar.<\/p>\n\n\n\n<p class=\"wp-block-paragraph\">La conferencia estuvo a cargo de Ma. Virginia Gonz\u00e1lez Turrubiartes y Michelle Ni\u00f1o Bear, quienes presentaron recursos y estrategias para desarrollar pr\u00e1cticas educativas inclusivas y adecuar los ambientes de aprendizaje a las necesidades de los alumnos.<\/p>\n\n\n\n<p class=\"wp-block-paragraph\">La jornada se realiz\u00f3 en el auditorio de la secundaria Jos\u00e9 Ciriaco Cruz, como parte de las actividades de actualizaci\u00f3n dirigidas al personal docente de educaci\u00f3n preescolar.<\/p>\n","protected":false},"excerpt":{"rendered":"<p>M\u00e1s de 200 docentes de educaci\u00f3n preescolar participaron en una jornada de actualizaci\u00f3n sobre educaci\u00f3n inclusiva, con contenidos enfocados en estrategias did\u00e1cticas y atenci\u00f3n a las distintas necesidades de los estudiantes.<\/p>\n","protected":false},"author":4,"featured_media":51892,"comment_status":"closed","ping_status":"closed","sticky":false,"template":"","format":"standard","meta":{"_et_pb_use_builder":"off","_et_pb_old_content":"","_et_gb_content_width":"","footnotes":""},"categories":[62,280],"tags":[],"class_list":["post-51891","post","type-post","status-publish","format-standard","has-post-thumbnail","hentry","category-redaccion","category-gob-slp"],"_links":{"self":[{"href":"https:\/\/gerardoduque.com.mx\/index.php?rest_route=\/wp\/v2\/posts\/51891","targetHints":{"allow":["GET"]}}],"collection":[{"href":"https:\/\/gerardoduque.com.mx\/index.php?rest_route=\/wp\/v2\/posts"}],"about":[{"href":"https:\/\/gerardoduque.com.mx\/index.php?rest_route=\/wp\/v2\/types\/post"}],"author":[{"embeddable":true,"href":"https:\/\/gerardoduque.com.mx\/index.php?rest_route=\/wp\/v2\/users\/4"}],"replies":[{"embeddable":true,"href":"https:\/\/gerardoduque.com.mx\/index.php?rest_route=%2Fwp%2Fv2%2Fcomments&post=51891"}],"version-history":[{"count":1,"href":"https:\/\/gerardoduque.com.mx\/index.php?rest_route=\/wp\/v2\/posts\/51891\/revisions"}],"predecessor-version":[{"id":51893,"href":"https:\/\/gerardoduque.com.mx\/index.php?rest_route=\/wp\/v2\/posts\/51891\/revisions\/51893"}],"wp:featuredmedia":[{"embeddable":true,"href":"https:\/\/gerardoduque.com.mx\/index.php?rest_route=\/wp\/v2\/media\/51892"}],"wp:attachment":[{"href":"https:\/\/gerardoduque.com.mx\/index.php?rest_route=%2Fwp%2Fv2%2Fmedia&parent=51891"}],"wp:term":[{"taxonomy":"category","embeddable":true,"href":"https:\/\/gerardoduque.com.mx\/index.php?rest_route=%2Fwp%2Fv2%2Fcategories&post=51891"},{"taxonomy":"post_tag","embeddable":true,"href":"https:\/\/gerardoduque.com.mx\/index.php?rest_route=%2Fwp%2Fv2%2Ftags&post=51891"}],"curies":[{"name":"wp","href":"https:\/\/api.w.org\/{rel}","templated":true}]}}