{"id":51873,"date":"2026-08-30T20:32:39","date_gmt":"2026-08-31T02:32:39","guid":{"rendered":"https:\/\/gerardoduque.com.mx\/?p=51873"},"modified":"2026-08-31T20:35:52","modified_gmt":"2026-09-01T02:35:52","slug":"villa-de-arriaga-acuerda-cursos-de-capacitacion-con-validez-oficial","status":"publish","type":"post","link":"https:\/\/gerardoduque.com.mx\/?p=51873","title":{"rendered":"VILLA DE ARRIAGA ACUERDA CURSOS DE CAPACITACI\u00d3N CON VALIDEZ OFICIAL"},"content":{"rendered":"\n<p class=\"wp-block-paragraph\">El Instituto de Capacitaci\u00f3n para el Trabajo y el Ayuntamiento de Villa de Arriaga establecieron un convenio para acercar a la poblaci\u00f3n cursos y herramientas relacionados con el empleo, autoempleo y emprendimiento. El acuerdo contempla actividades de capacitaci\u00f3n y atenci\u00f3n directa para habitantes del municipio.<\/p>\n\n\n\n<p class=\"wp-block-paragraph\">Como parte del convenio se realizar\u00e1 una Feria de Servicios Gratuitos, en la que se dar\u00e1 informaci\u00f3n sobre la oferta disponible, orientaci\u00f3n y demostraciones de las actividades de capacitaci\u00f3n.<\/p>\n\n\n\n<p class=\"wp-block-paragraph\">Los cursos impartidos por el Icat cuentan con validez oficial y est\u00e1n avalados por la Secretar\u00eda de Educaci\u00f3n P\u00fablica y la Direcci\u00f3n General de Centros de Formaci\u00f3n para el Trabajo.<\/p>\n\n\n\n<p class=\"wp-block-paragraph\">El convenio establece la colaboraci\u00f3n entre ambas instituciones para ampliar la cobertura de estos servicios en Villa de Arriaga y facilitar el acceso de la poblaci\u00f3n a opciones de capacitaci\u00f3n y desarrollo de habilidades laborales.<\/p>\n","protected":false},"excerpt":{"rendered":"<p>El Instituto de Capacitaci\u00f3n para el Trabajo y el Ayuntamiento de Villa de Arriaga firmaron un convenio para ofrecer cursos con validez oficial, orientaci\u00f3n y servicios gratuitos a habitantes del municipio.<\/p>\n","protected":false},"author":4,"featured_media":51874,"comment_status":"closed","ping_status":"closed","sticky":false,"template":"","format":"standard","meta":{"_et_pb_use_builder":"off","_et_pb_old_content":"","_et_gb_content_width":"","footnotes":""},"categories":[62,280],"tags":[],"class_list":["post-51873","post","type-post","status-publish","format-standard","has-post-thumbnail","hentry","category-redaccion","category-gob-slp"],"_links":{"self":[{"href":"https:\/\/gerardoduque.com.mx\/index.php?rest_route=\/wp\/v2\/posts\/51873","targetHints":{"allow":["GET"]}}],"collection":[{"href":"https:\/\/gerardoduque.com.mx\/index.php?rest_route=\/wp\/v2\/posts"}],"about":[{"href":"https:\/\/gerardoduque.com.mx\/index.php?rest_route=\/wp\/v2\/types\/post"}],"author":[{"embeddable":true,"href":"https:\/\/gerardoduque.com.mx\/index.php?rest_route=\/wp\/v2\/users\/4"}],"replies":[{"embeddable":true,"href":"https:\/\/gerardoduque.com.mx\/index.php?rest_route=%2Fwp%2Fv2%2Fcomments&post=51873"}],"version-history":[{"count":1,"href":"https:\/\/gerardoduque.com.mx\/index.php?rest_route=\/wp\/v2\/posts\/51873\/revisions"}],"predecessor-version":[{"id":51875,"href":"https:\/\/gerardoduque.com.mx\/index.php?rest_route=\/wp\/v2\/posts\/51873\/revisions\/51875"}],"wp:featuredmedia":[{"embeddable":true,"href":"https:\/\/gerardoduque.com.mx\/index.php?rest_route=\/wp\/v2\/media\/51874"}],"wp:attachment":[{"href":"https:\/\/gerardoduque.com.mx\/index.php?rest_route=%2Fwp%2Fv2%2Fmedia&parent=51873"}],"wp:term":[{"taxonomy":"category","embeddable":true,"href":"https:\/\/gerardoduque.com.mx\/index.php?rest_route=%2Fwp%2Fv2%2Fcategories&post=51873"},{"taxonomy":"post_tag","embeddable":true,"href":"https:\/\/gerardoduque.com.mx\/index.php?rest_route=%2Fwp%2Fv2%2Ftags&post=51873"}],"curies":[{"name":"wp","href":"https:\/\/api.w.org\/{rel}","templated":true}]}}