{"id":51870,"date":"2026-08-30T20:29:57","date_gmt":"2026-08-31T02:29:57","guid":{"rendered":"https:\/\/gerardoduque.com.mx\/?p=51870"},"modified":"2026-08-31T20:32:25","modified_gmt":"2026-09-01T02:32:25","slug":"fenapo-realiza-funcion-adaptada-para-500-menores-con-discapacidad","status":"publish","type":"post","link":"https:\/\/gerardoduque.com.mx\/?p=51870","title":{"rendered":"FENAPO REALIZA FUNCI\u00d3N ADAPTADA PARA 500 MENORES CON DISCAPACIDAD"},"content":{"rendered":"\n<p class=\"wp-block-paragraph\">La Feria Nacional Potosina realiz\u00f3 una funci\u00f3n de circo adaptada para 500 ni\u00f1as, ni\u00f1os y adolescentes con discapacidad, quienes asistieron acompa\u00f1ados de sus familias. La actividad incluy\u00f3 medidas espec\u00edficas para facilitar su participaci\u00f3n en el espect\u00e1culo.<\/p>\n\n\n\n<p class=\"wp-block-paragraph\">De acuerdo con la Coordinaci\u00f3n de Atenci\u00f3n a Personas con Discapacidad, durante la funci\u00f3n se modificaron los est\u00edmulos de luz y sonido para personas con autismo o hipersensibilidad sensorial. Tambi\u00e9n se cont\u00f3 con int\u00e9rpretes de Lengua de Se\u00f1as Mexicana y un sistema de audiodescripci\u00f3n dirigido a personas con discapacidad visual.<\/p>\n\n\n\n<p class=\"wp-block-paragraph\">Las medidas fueron implementadas en coordinaci\u00f3n con distintas dependencias, como parte de las actividades de la feria. El objetivo fue reducir barreras de acceso a los espacios de entretenimiento para los asistentes con discapacidad.<\/p>\n\n\n\n<p class=\"wp-block-paragraph\">La funci\u00f3n se realiz\u00f3 durante la edici\u00f3n 2026 de la Fenapo, que contempla actividades para distintos sectores de la poblaci\u00f3n durante su periodo de realizaci\u00f3n.<\/p>\n","protected":false},"excerpt":{"rendered":"<p>La Feria Nacional Potosina incorpor\u00f3 medidas de accesibilidad durante una funci\u00f3n de circo adaptada, en la que participaron 500 menores con discapacidad acompa\u00f1ados por sus familias. Las adecuaciones incluyeron ajustes de luz y sonido, int\u00e9rpretes de Lengua de Se\u00f1as Mexicana y audiodescripci\u00f3n.<\/p>\n","protected":false},"author":4,"featured_media":51871,"comment_status":"closed","ping_status":"closed","sticky":false,"template":"","format":"standard","meta":{"_et_pb_use_builder":"off","_et_pb_old_content":"","_et_gb_content_width":"","footnotes":""},"categories":[62,280],"tags":[],"class_list":["post-51870","post","type-post","status-publish","format-standard","has-post-thumbnail","hentry","category-redaccion","category-gob-slp"],"_links":{"self":[{"href":"https:\/\/gerardoduque.com.mx\/index.php?rest_route=\/wp\/v2\/posts\/51870","targetHints":{"allow":["GET"]}}],"collection":[{"href":"https:\/\/gerardoduque.com.mx\/index.php?rest_route=\/wp\/v2\/posts"}],"about":[{"href":"https:\/\/gerardoduque.com.mx\/index.php?rest_route=\/wp\/v2\/types\/post"}],"author":[{"embeddable":true,"href":"https:\/\/gerardoduque.com.mx\/index.php?rest_route=\/wp\/v2\/users\/4"}],"replies":[{"embeddable":true,"href":"https:\/\/gerardoduque.com.mx\/index.php?rest_route=%2Fwp%2Fv2%2Fcomments&post=51870"}],"version-history":[{"count":1,"href":"https:\/\/gerardoduque.com.mx\/index.php?rest_route=\/wp\/v2\/posts\/51870\/revisions"}],"predecessor-version":[{"id":51872,"href":"https:\/\/gerardoduque.com.mx\/index.php?rest_route=\/wp\/v2\/posts\/51870\/revisions\/51872"}],"wp:featuredmedia":[{"embeddable":true,"href":"https:\/\/gerardoduque.com.mx\/index.php?rest_route=\/wp\/v2\/media\/51871"}],"wp:attachment":[{"href":"https:\/\/gerardoduque.com.mx\/index.php?rest_route=%2Fwp%2Fv2%2Fmedia&parent=51870"}],"wp:term":[{"taxonomy":"category","embeddable":true,"href":"https:\/\/gerardoduque.com.mx\/index.php?rest_route=%2Fwp%2Fv2%2Fcategories&post=51870"},{"taxonomy":"post_tag","embeddable":true,"href":"https:\/\/gerardoduque.com.mx\/index.php?rest_route=%2Fwp%2Fv2%2Ftags&post=51870"}],"curies":[{"name":"wp","href":"https:\/\/api.w.org\/{rel}","templated":true}]}}