{"id":51858,"date":"2026-08-30T20:11:18","date_gmt":"2026-08-31T02:11:18","guid":{"rendered":"https:\/\/gerardoduque.com.mx\/?p=51858"},"modified":"2026-08-31T20:19:15","modified_gmt":"2026-09-01T02:19:15","slug":"alamenos-de-la-sierra-reunen-a-miles-en-la-fenapo-2026","status":"publish","type":"post","link":"https:\/\/gerardoduque.com.mx\/?p=51858","title":{"rendered":"ALAME\u00d1OS DE LA SIERRA RE\u00daNEN A MILES EN LA FENAPO 2026"},"content":{"rendered":"\n<p class=\"wp-block-paragraph\">La agrupaci\u00f3n Alame\u00f1os de la Sierra se present\u00f3 en El Foro de la Feria Nacional Potosina 2026, donde ofreci\u00f3 un espect\u00e1culo acompa\u00f1ado de pirotecnia y m\u00fasica sierre\u00f1a. El p\u00fablico respondi\u00f3 a las interpretaciones de la banda, con acorde\u00f3n, bajo sexto y bajo el\u00e9ctrico como parte de su propuesta musical.<\/p>\n\n\n\n<p class=\"wp-block-paragraph\">Durante la presentaci\u00f3n se interpretaron temas como \u201cPerfecta\u201d, \u201cLa Playa\u201d, \u201cLa Picar\u00e9\u201d, \u201cPrometiste\u201d y \u201cCasita de Adobe\u201d, que fueron coreados por los asistentes. La explanada reuni\u00f3 a familias, parejas y grupos de amigos que permanecieron durante el espect\u00e1culo.<\/p>\n\n\n\n<p class=\"wp-block-paragraph\">La presentaci\u00f3n ocurri\u00f3 durante los \u00faltimos d\u00edas de actividades de la FENAPO 2026. Para este s\u00e1bado 29 de agosto est\u00e1n programadas las actuaciones de Liberaci\u00f3n, Grupo Toppaz y Tropical Panam\u00e1, mientras que el domingo 30 Los Tigres del Norte encabezar\u00e1n el cierre de El Foro.<\/p>\n\n\n\n<p class=\"wp-block-paragraph\">El concierto de Alame\u00f1os de la Sierra forma parte de la cartelera musical de la feria, que contempla presentaciones gratuitas durante su edici\u00f3n 2026.<\/p>\n","protected":false},"excerpt":{"rendered":"<p>Durante la jornada del viernes, Alame\u00f1os de la Sierra se present\u00f3 en El Foro de la FENAPO 2026 ante miles de asistentes, quienes acompa\u00f1aron con m\u00fasica y baile el repertorio de la agrupaci\u00f3n sierre\u00f1a.<\/p>\n","protected":false},"author":4,"featured_media":51859,"comment_status":"closed","ping_status":"closed","sticky":false,"template":"","format":"standard","meta":{"_et_pb_use_builder":"off","_et_pb_old_content":"","_et_gb_content_width":"","footnotes":""},"categories":[62,280],"tags":[],"class_list":["post-51858","post","type-post","status-publish","format-standard","has-post-thumbnail","hentry","category-redaccion","category-gob-slp"],"_links":{"self":[{"href":"https:\/\/gerardoduque.com.mx\/index.php?rest_route=\/wp\/v2\/posts\/51858","targetHints":{"allow":["GET"]}}],"collection":[{"href":"https:\/\/gerardoduque.com.mx\/index.php?rest_route=\/wp\/v2\/posts"}],"about":[{"href":"https:\/\/gerardoduque.com.mx\/index.php?rest_route=\/wp\/v2\/types\/post"}],"author":[{"embeddable":true,"href":"https:\/\/gerardoduque.com.mx\/index.php?rest_route=\/wp\/v2\/users\/4"}],"replies":[{"embeddable":true,"href":"https:\/\/gerardoduque.com.mx\/index.php?rest_route=%2Fwp%2Fv2%2Fcomments&post=51858"}],"version-history":[{"count":1,"href":"https:\/\/gerardoduque.com.mx\/index.php?rest_route=\/wp\/v2\/posts\/51858\/revisions"}],"predecessor-version":[{"id":51860,"href":"https:\/\/gerardoduque.com.mx\/index.php?rest_route=\/wp\/v2\/posts\/51858\/revisions\/51860"}],"wp:featuredmedia":[{"embeddable":true,"href":"https:\/\/gerardoduque.com.mx\/index.php?rest_route=\/wp\/v2\/media\/51859"}],"wp:attachment":[{"href":"https:\/\/gerardoduque.com.mx\/index.php?rest_route=%2Fwp%2Fv2%2Fmedia&parent=51858"}],"wp:term":[{"taxonomy":"category","embeddable":true,"href":"https:\/\/gerardoduque.com.mx\/index.php?rest_route=%2Fwp%2Fv2%2Fcategories&post=51858"},{"taxonomy":"post_tag","embeddable":true,"href":"https:\/\/gerardoduque.com.mx\/index.php?rest_route=%2Fwp%2Fv2%2Ftags&post=51858"}],"curies":[{"name":"wp","href":"https:\/\/api.w.org\/{rel}","templated":true}]}}