{"id":51855,"date":"2026-08-31T20:10:38","date_gmt":"2026-09-01T02:10:38","guid":{"rendered":"https:\/\/gerardoduque.com.mx\/?p=51855"},"modified":"2026-08-31T20:10:44","modified_gmt":"2026-09-01T02:10:44","slug":"inicia-en-ciudad-valles-el-ciclo-escolar-2026-2027-con-entrega-de-libros-y-utiles","status":"publish","type":"post","link":"https:\/\/gerardoduque.com.mx\/?p=51855","title":{"rendered":"INICIA EN CIUDAD VALLES EL CICLO ESCOLAR 2026-2027 CON ENTREGA DE LIBROS Y \u00daTILES"},"content":{"rendered":"\n<p class=\"wp-block-paragraph\">El arranque del ciclo escolar se realiz\u00f3 este lunes en la Escuela Secundaria General No. 2 \u201cDunstano G\u00f3mez Castillo\u201d, con la participaci\u00f3n de autoridades educativas, municipales, docentes, estudiantes y familias. Durante el acto se entregaron de manera simb\u00f3lica libros de texto a alumnos de preescolar, primaria y secundaria de distintos planteles del municipio.<\/p>\n\n\n\n<p class=\"wp-block-paragraph\">Entre las escuelas participantes estuvieron los jardines de ni\u00f1os \u201cMiguel \u00c1ngel\u201d y \u201cBenito Ju\u00e1rez\u201d, las primarias \u201cCuauht\u00e9moc\u201d y \u201cEmiliano Zapata\u201d, as\u00ed como la Secundaria T\u00e9cnica No. 47, la Secundaria General \u201cM\u00e1rtires del R\u00edo Blanco\u201d y la Telesecundaria \u201cBenito Ju\u00e1rez\u201d. Tambi\u00e9n se recibieron ejemplares destinados a las Bibliotecas P\u00fablicas Municipales.<\/p>\n\n\n\n<p class=\"wp-block-paragraph\">El delegado de la SEDESORE en Ciudad Valles, inform\u00f3 que tambi\u00e9n comenz\u00f3 la entrega de mochilas y \u00fatiles escolares para estudiantes de primaria y secundaria. Por su parte, el titular de la URSEHN, se\u00f1al\u00f3 que en la Huasteca Norte se han distribuido m\u00e1s de 500 mil libros de texto.<\/p>\n\n\n\n<p class=\"wp-block-paragraph\">De acuerdo con los datos proporcionados durante el evento, alrededor de 75 mil estudiantes regresaron a las aulas en la Huasteca Norte, mientras que aproximadamente 25 mil corresponden a Ciudad Valles. Durante el acto tambi\u00e9n se reconoci\u00f3 la trayectoria del subjefe T\u00e9cnico Pedag\u00f3gico de la URSEHN.<\/p>\n","protected":false},"excerpt":{"rendered":"<p>El ciclo escolar 2026-2027 inici\u00f3 en Ciudad Valles con la entrega simb\u00f3lica de libros de texto gratuitos, mochilas y \u00fatiles escolares para estudiantes de educaci\u00f3n b\u00e1sica. En la Huasteca Norte regresaron a clases alrededor de 75 mil alumnos, de los cuales unos 25 mil corresponden al municipio.<\/p>\n","protected":false},"author":4,"featured_media":51856,"comment_status":"closed","ping_status":"closed","sticky":false,"template":"","format":"standard","meta":{"_et_pb_use_builder":"off","_et_pb_old_content":"","_et_gb_content_width":"","footnotes":""},"categories":[62],"tags":[],"class_list":["post-51855","post","type-post","status-publish","format-standard","has-post-thumbnail","hentry","category-redaccion"],"_links":{"self":[{"href":"https:\/\/gerardoduque.com.mx\/index.php?rest_route=\/wp\/v2\/posts\/51855","targetHints":{"allow":["GET"]}}],"collection":[{"href":"https:\/\/gerardoduque.com.mx\/index.php?rest_route=\/wp\/v2\/posts"}],"about":[{"href":"https:\/\/gerardoduque.com.mx\/index.php?rest_route=\/wp\/v2\/types\/post"}],"author":[{"embeddable":true,"href":"https:\/\/gerardoduque.com.mx\/index.php?rest_route=\/wp\/v2\/users\/4"}],"replies":[{"embeddable":true,"href":"https:\/\/gerardoduque.com.mx\/index.php?rest_route=%2Fwp%2Fv2%2Fcomments&post=51855"}],"version-history":[{"count":1,"href":"https:\/\/gerardoduque.com.mx\/index.php?rest_route=\/wp\/v2\/posts\/51855\/revisions"}],"predecessor-version":[{"id":51857,"href":"https:\/\/gerardoduque.com.mx\/index.php?rest_route=\/wp\/v2\/posts\/51855\/revisions\/51857"}],"wp:featuredmedia":[{"embeddable":true,"href":"https:\/\/gerardoduque.com.mx\/index.php?rest_route=\/wp\/v2\/media\/51856"}],"wp:attachment":[{"href":"https:\/\/gerardoduque.com.mx\/index.php?rest_route=%2Fwp%2Fv2%2Fmedia&parent=51855"}],"wp:term":[{"taxonomy":"category","embeddable":true,"href":"https:\/\/gerardoduque.com.mx\/index.php?rest_route=%2Fwp%2Fv2%2Fcategories&post=51855"},{"taxonomy":"post_tag","embeddable":true,"href":"https:\/\/gerardoduque.com.mx\/index.php?rest_route=%2Fwp%2Fv2%2Ftags&post=51855"}],"curies":[{"name":"wp","href":"https:\/\/api.w.org\/{rel}","templated":true}]}}