{"id":51852,"date":"2026-08-31T20:04:04","date_gmt":"2026-09-01T02:04:04","guid":{"rendered":"https:\/\/gerardoduque.com.mx\/?p=51852"},"modified":"2026-08-31T20:04:12","modified_gmt":"2026-09-01T02:04:12","slug":"ciudad-valles-aprueba-dos-predios-para-planteles-educativos","status":"publish","type":"post","link":"https:\/\/gerardoduque.com.mx\/?p=51852","title":{"rendered":"CIUDAD VALLES APRUEBA DOS PREDIOS PARA PLANTELES EDUCATIVOS"},"content":{"rendered":"\n<p class=\"wp-block-paragraph\">Durante la Cuadrag\u00e9sima Sexta Sesi\u00f3n Ordinaria de Cabildo fueron aprobadas las solicitudes de donaci\u00f3n de dos terrenos destinados a infraestructura educativa. Uno se localiza en el Fraccionamiento Lomas de Itzamal y el otro en el Fraccionamiento Los Naranjos; ambos cuentan con una superficie de 2 mil 500 metros cuadrados.<\/p>\n\n\n\n<p class=\"wp-block-paragraph\">En la misma sesi\u00f3n se aprobaron por mayor\u00eda los puntos de acuerdo presentados por el regidor Gerardo Roberto Gonz\u00e1lez P\u00e9rez para dar continuidad a mesas de trabajo entre el Gobierno Municipal y representantes del sector productivo. El objetivo es revisar los procesos relacionados con tr\u00e1mites y servicios municipales, as\u00ed como identificar posibilidades de simplificaci\u00f3n y digitalizaci\u00f3n.<\/p>\n\n\n\n<p class=\"wp-block-paragraph\">En estos trabajos participar\u00e1n dependencias municipales, c\u00e1maras, colegios, asociaciones y representantes de distintos sectores productivos, quienes podr\u00e1n presentar propuestas y observaciones sobre los procedimientos administrativos. Las reuniones estar\u00e1n orientadas a definir acciones de simplificaci\u00f3n de acuerdo con las necesidades planteadas por los participantes.<\/p>\n\n\n\n<p class=\"wp-block-paragraph\">Los acuerdos forman parte de los asuntos revisados durante la sesi\u00f3n ordinaria de Cabildo, en la que tambi\u00e9n se analizaron temas relacionados con infraestructura educativa, atenci\u00f3n ciudadana y procesos administrativos municipales.<\/p>\n","protected":false},"excerpt":{"rendered":"<p>Se aprob\u00f3 la donaci\u00f3n de dos predios de 2 mil 500 metros cuadrados cada uno para la construcci\u00f3n de planteles educativos en Ciudad Valles, adem\u00e1s de acuerdos para continuar mesas de trabajo enfocadas en la simplificaci\u00f3n y digitalizaci\u00f3n de tr\u00e1mites municipales.<\/p>\n","protected":false},"author":4,"featured_media":51853,"comment_status":"closed","ping_status":"closed","sticky":false,"template":"","format":"standard","meta":{"_et_pb_use_builder":"off","_et_pb_old_content":"","_et_gb_content_width":"","footnotes":""},"categories":[62],"tags":[],"class_list":["post-51852","post","type-post","status-publish","format-standard","has-post-thumbnail","hentry","category-redaccion"],"_links":{"self":[{"href":"https:\/\/gerardoduque.com.mx\/index.php?rest_route=\/wp\/v2\/posts\/51852","targetHints":{"allow":["GET"]}}],"collection":[{"href":"https:\/\/gerardoduque.com.mx\/index.php?rest_route=\/wp\/v2\/posts"}],"about":[{"href":"https:\/\/gerardoduque.com.mx\/index.php?rest_route=\/wp\/v2\/types\/post"}],"author":[{"embeddable":true,"href":"https:\/\/gerardoduque.com.mx\/index.php?rest_route=\/wp\/v2\/users\/4"}],"replies":[{"embeddable":true,"href":"https:\/\/gerardoduque.com.mx\/index.php?rest_route=%2Fwp%2Fv2%2Fcomments&post=51852"}],"version-history":[{"count":1,"href":"https:\/\/gerardoduque.com.mx\/index.php?rest_route=\/wp\/v2\/posts\/51852\/revisions"}],"predecessor-version":[{"id":51854,"href":"https:\/\/gerardoduque.com.mx\/index.php?rest_route=\/wp\/v2\/posts\/51852\/revisions\/51854"}],"wp:featuredmedia":[{"embeddable":true,"href":"https:\/\/gerardoduque.com.mx\/index.php?rest_route=\/wp\/v2\/media\/51853"}],"wp:attachment":[{"href":"https:\/\/gerardoduque.com.mx\/index.php?rest_route=%2Fwp%2Fv2%2Fmedia&parent=51852"}],"wp:term":[{"taxonomy":"category","embeddable":true,"href":"https:\/\/gerardoduque.com.mx\/index.php?rest_route=%2Fwp%2Fv2%2Fcategories&post=51852"},{"taxonomy":"post_tag","embeddable":true,"href":"https:\/\/gerardoduque.com.mx\/index.php?rest_route=%2Fwp%2Fv2%2Ftags&post=51852"}],"curies":[{"name":"wp","href":"https:\/\/api.w.org\/{rel}","templated":true}]}}