{"id":51849,"date":"2026-08-31T17:53:13","date_gmt":"2026-08-31T23:53:13","guid":{"rendered":"https:\/\/gerardoduque.com.mx\/?p=51849"},"modified":"2026-08-31T17:53:18","modified_gmt":"2026-08-31T23:53:18","slug":"hallaron-500-kilos-de-metanfetamina-en-inmuebles-de-sta-maria-del-rio","status":"publish","type":"post","link":"https:\/\/gerardoduque.com.mx\/?p=51849","title":{"rendered":"HALLARON 500 KILOS DE METANFETAMINA EN INMUEBLES DE STA. MAR\u00cdA DEL R\u00cdO"},"content":{"rendered":"\n<p class=\"wp-block-paragraph\">La operaci\u00f3n que dej\u00f3 11 detenidos en Santa Mar\u00eda del R\u00edo deriv\u00f3 en el aseguramiento de alrededor de 500 kilogramos de metanfetamina y m\u00e1s de 2 mil 500 litros de precursores qu\u00edmicos, inform\u00f3 la Secretar\u00eda de Seguridad y Protecci\u00f3n Ciudadana del Estado.<\/p>\n\n\n\n<p class=\"wp-block-paragraph\">Los detenidos, originarios de Sinaloa, Durango y Sonora, fueron ubicados inicialmente por la Guardia Civil Estatal. Posteriormente, la Fiscal\u00eda General de la Rep\u00fablica realiz\u00f3 cateos en los inmuebles relacionados con el caso.<\/p>\n\n\n\n<p class=\"wp-block-paragraph\">Adem\u00e1s de la metanfetamina y los precursores, fueron asegurados 23 kilogramos de marihuana, as\u00ed como equipos y materiales presuntamente utilizados para el procesamiento de drogas.<\/p>\n\n\n\n<p class=\"wp-block-paragraph\">El secretario de Seguridad, Jes\u00fas Ju\u00e1rez Hern\u00e1ndez, se\u00f1al\u00f3 que las investigaciones apuntan a que el grupo pretend\u00eda establecer una estructura para producir sustancias il\u00edcitas en San Luis Potos\u00ed y que fue intervenido antes de iniciar operaciones.<\/p>\n\n\n\n<p class=\"wp-block-paragraph\">De acuerdo con estimaciones de la SSPC, la cantidad asegurada podr\u00eda representar alrededor de 10 millones de dosis y un valor de decenas de millones de pesos en el mercado il\u00edcito.<\/p>\n\n\n\n<p class=\"wp-block-paragraph\">La FGR mantiene las investigaciones y realizar\u00e1 los peritajes para determinar las caracter\u00edsticas de las sustancias, el proceso en que se encontraban y la situaci\u00f3n jur\u00eddica de los detenidos.<\/p>\n","protected":false},"excerpt":{"rendered":"<p>La operaci\u00f3n que dej\u00f3 11 detenidos en Santa Mar\u00eda del R\u00edo deriv\u00f3 en el aseguramiento de alrededor de 500 kilogramos de metanfetamina y m\u00e1s de 2 mil 500 litros de precursores qu\u00edmicos, inform\u00f3 la Secretar\u00eda de Seguridad y Protecci\u00f3n Ciudadana del Estado. Los detenidos, originarios de Sinaloa, Durango y Sonora, fueron ubicados inicialmente por la [&hellip;]<\/p>\n","protected":false},"author":4,"featured_media":51850,"comment_status":"closed","ping_status":"closed","sticky":false,"template":"","format":"standard","meta":{"_et_pb_use_builder":"off","_et_pb_old_content":"","_et_gb_content_width":"","footnotes":""},"categories":[412,62],"tags":[],"class_list":["post-51849","post","type-post","status-publish","format-standard","has-post-thumbnail","hentry","category-destacado","category-redaccion"],"_links":{"self":[{"href":"https:\/\/gerardoduque.com.mx\/index.php?rest_route=\/wp\/v2\/posts\/51849","targetHints":{"allow":["GET"]}}],"collection":[{"href":"https:\/\/gerardoduque.com.mx\/index.php?rest_route=\/wp\/v2\/posts"}],"about":[{"href":"https:\/\/gerardoduque.com.mx\/index.php?rest_route=\/wp\/v2\/types\/post"}],"author":[{"embeddable":true,"href":"https:\/\/gerardoduque.com.mx\/index.php?rest_route=\/wp\/v2\/users\/4"}],"replies":[{"embeddable":true,"href":"https:\/\/gerardoduque.com.mx\/index.php?rest_route=%2Fwp%2Fv2%2Fcomments&post=51849"}],"version-history":[{"count":1,"href":"https:\/\/gerardoduque.com.mx\/index.php?rest_route=\/wp\/v2\/posts\/51849\/revisions"}],"predecessor-version":[{"id":51851,"href":"https:\/\/gerardoduque.com.mx\/index.php?rest_route=\/wp\/v2\/posts\/51849\/revisions\/51851"}],"wp:featuredmedia":[{"embeddable":true,"href":"https:\/\/gerardoduque.com.mx\/index.php?rest_route=\/wp\/v2\/media\/51850"}],"wp:attachment":[{"href":"https:\/\/gerardoduque.com.mx\/index.php?rest_route=%2Fwp%2Fv2%2Fmedia&parent=51849"}],"wp:term":[{"taxonomy":"category","embeddable":true,"href":"https:\/\/gerardoduque.com.mx\/index.php?rest_route=%2Fwp%2Fv2%2Fcategories&post=51849"},{"taxonomy":"post_tag","embeddable":true,"href":"https:\/\/gerardoduque.com.mx\/index.php?rest_route=%2Fwp%2Fv2%2Ftags&post=51849"}],"curies":[{"name":"wp","href":"https:\/\/api.w.org\/{rel}","templated":true}]}}