{"id":51845,"date":"2026-08-31T17:04:45","date_gmt":"2026-08-31T23:04:45","guid":{"rendered":"https:\/\/gerardoduque.com.mx\/?p=51845"},"modified":"2026-08-31T17:04:52","modified_gmt":"2026-08-31T23:04:52","slug":"rector-de-la-uaslp-no-se-descarta-para-el-2027","status":"publish","type":"post","link":"https:\/\/gerardoduque.com.mx\/?p=51845","title":{"rendered":"RECTOR DE LA UASLP NO SE DESCARTA PARA EL 2027"},"content":{"rendered":"\n<p class=\"wp-block-paragraph\">El rector de la Universidad Aut\u00f3noma de San Luis Potos\u00ed (UASLP), Alejandro Zerme\u00f1o Guerra, no descart\u00f3 una eventual participaci\u00f3n pol\u00edtica en 2027 y revel\u00f3 que ya ha recibido invitaciones, aunque asegur\u00f3 que por ahora no ha tomado una decisi\u00f3n.<\/p>\n\n\n\n<p class=\"wp-block-paragraph\">\u201cMi padre dir\u00eda, nunca digas de esa agua no has de beber, pero en este momento no es una decisi\u00f3n\u201d, expres\u00f3 al ser cuestionado sobre la posibilidad de buscar alg\u00fan cargo.<\/p>\n\n\n\n<p class=\"wp-block-paragraph\">Zerme\u00f1o se\u00f1al\u00f3 que su compromiso al frente de la Universidad concluye en abril de 2028, un a\u00f1o despu\u00e9s del pr\u00f3ximo proceso electoral.<\/p>\n\n\n\n<p class=\"wp-block-paragraph\">\u201cYo tengo un compromiso con la comunidad universitaria que termina en abril del 2028\u201d, afirm\u00f3.<\/p>\n\n\n\n<p class=\"wp-block-paragraph\">Al mismo tiempo, el rector sostuvo que busca mantener a la UASLP fuera de intereses partidistas y evitar la intervenci\u00f3n de actores pol\u00edticos en la vida interna de la instituci\u00f3n.<\/p>\n\n\n\n<p class=\"wp-block-paragraph\">Aunque actualmente no plantea dejar la Rector\u00eda, Zerme\u00f1o tampoco cerr\u00f3 la puerta a una eventual participaci\u00f3n pol\u00edtica cuando se acerque el proceso electoral de 2027.<\/p>\n","protected":false},"excerpt":{"rendered":"<p>Alejandro Zerme\u00f1o confirm\u00f3 que ya ha recibido invitaciones para participar en pol\u00edtica<\/p>\n","protected":false},"author":4,"featured_media":51846,"comment_status":"closed","ping_status":"closed","sticky":false,"template":"","format":"standard","meta":{"_et_pb_use_builder":"off","_et_pb_old_content":"","_et_gb_content_width":"","footnotes":""},"categories":[412,62],"tags":[],"class_list":["post-51845","post","type-post","status-publish","format-standard","has-post-thumbnail","hentry","category-destacado","category-redaccion"],"_links":{"self":[{"href":"https:\/\/gerardoduque.com.mx\/index.php?rest_route=\/wp\/v2\/posts\/51845","targetHints":{"allow":["GET"]}}],"collection":[{"href":"https:\/\/gerardoduque.com.mx\/index.php?rest_route=\/wp\/v2\/posts"}],"about":[{"href":"https:\/\/gerardoduque.com.mx\/index.php?rest_route=\/wp\/v2\/types\/post"}],"author":[{"embeddable":true,"href":"https:\/\/gerardoduque.com.mx\/index.php?rest_route=\/wp\/v2\/users\/4"}],"replies":[{"embeddable":true,"href":"https:\/\/gerardoduque.com.mx\/index.php?rest_route=%2Fwp%2Fv2%2Fcomments&post=51845"}],"version-history":[{"count":1,"href":"https:\/\/gerardoduque.com.mx\/index.php?rest_route=\/wp\/v2\/posts\/51845\/revisions"}],"predecessor-version":[{"id":51847,"href":"https:\/\/gerardoduque.com.mx\/index.php?rest_route=\/wp\/v2\/posts\/51845\/revisions\/51847"}],"wp:featuredmedia":[{"embeddable":true,"href":"https:\/\/gerardoduque.com.mx\/index.php?rest_route=\/wp\/v2\/media\/51846"}],"wp:attachment":[{"href":"https:\/\/gerardoduque.com.mx\/index.php?rest_route=%2Fwp%2Fv2%2Fmedia&parent=51845"}],"wp:term":[{"taxonomy":"category","embeddable":true,"href":"https:\/\/gerardoduque.com.mx\/index.php?rest_route=%2Fwp%2Fv2%2Fcategories&post=51845"},{"taxonomy":"post_tag","embeddable":true,"href":"https:\/\/gerardoduque.com.mx\/index.php?rest_route=%2Fwp%2Fv2%2Ftags&post=51845"}],"curies":[{"name":"wp","href":"https:\/\/api.w.org\/{rel}","templated":true}]}}