{"id":51841,"date":"2026-08-31T12:01:04","date_gmt":"2026-08-31T18:01:04","guid":{"rendered":"https:\/\/gerardoduque.com.mx\/?p=51841"},"modified":"2026-08-31T12:01:09","modified_gmt":"2026-08-31T18:01:09","slug":"temen-que-megaproyecto-se-lleve-agua-de-la-huasteca-a-nl","status":"publish","type":"post","link":"https:\/\/gerardoduque.com.mx\/?p=51841","title":{"rendered":"TEMEN QUE MEGAPROYECTO SE LLEVE AGUA DE LA HUASTECA A NL"},"content":{"rendered":"\n<p class=\"wp-block-paragraph\">La Coordinadora de Organizaciones Campesinas e Ind\u00edgenas de la Huasteca Potosina (COCIHP) advirti\u00f3 sobre posibles afectaciones a la disponibilidad de agua y los ecosistemas de la regi\u00f3n por el proyecto Acueducto P\u00e1nuco-Cerro Prieto.<\/p>\n\n\n\n<p class=\"wp-block-paragraph\">De acuerdo con la organizaci\u00f3n, la obra tendr\u00eda su punto de bombeo en Las Adjuntas, en Tamu\u00edn, donde confluyen los r\u00edos Tampa\u00f3n y Moctezuma. Desde ah\u00ed recorrer\u00eda alrededor de 390 kil\u00f3metros hasta Nuevo Le\u00f3n, atravesando tambi\u00e9n territorio de Veracruz y Tamaulipas.<\/p>\n\n\n\n<p class=\"wp-block-paragraph\">El proyecto contempla trasladar entre 5 y 6 metros c\u00fabicos de agua por segundo, volumen que alcanzar\u00eda al menos 432 mil metros c\u00fabicos diarios, seg\u00fan los c\u00e1lculos expuestos por la COCIHP.<\/p>\n\n\n\n<p class=\"wp-block-paragraph\">La organizaci\u00f3n sostiene que el acueducto es una nueva versi\u00f3n del anteriormente denominado Monterrey VI y cuestiona que la extracci\u00f3n pueda afectar las necesidades dom\u00e9sticas, productivas y ambientales de la cuenca del r\u00edo P\u00e1nuco.<\/p>\n\n\n\n<p class=\"wp-block-paragraph\">Tambi\u00e9n se\u00f1ala una posible relaci\u00f3n del proyecto con las necesidades de grandes industrias del noreste y con una eventual explotaci\u00f3n de hidrocarburos mediante fracking, actividad que demanda grandes cantidades de agua.<\/p>\n\n\n\n<p class=\"wp-block-paragraph\">Ante este escenario, la COCIHP pidi\u00f3 cancelar el proyecto y destinar recursos a infraestructura h\u00eddrica sustentable y a la recuperaci\u00f3n de ecosistemas de la regi\u00f3n.<\/p>\n","protected":false},"excerpt":{"rendered":"<p>La obra partir\u00eda de Tamu\u00edn y tendr\u00eda un recorrido de 390 kil\u00f3metros<\/p>\n","protected":false},"author":4,"featured_media":51842,"comment_status":"closed","ping_status":"closed","sticky":false,"template":"","format":"standard","meta":{"_et_pb_use_builder":"off","_et_pb_old_content":"","_et_gb_content_width":"","footnotes":""},"categories":[412,62],"tags":[],"class_list":["post-51841","post","type-post","status-publish","format-standard","has-post-thumbnail","hentry","category-destacado","category-redaccion"],"_links":{"self":[{"href":"https:\/\/gerardoduque.com.mx\/index.php?rest_route=\/wp\/v2\/posts\/51841","targetHints":{"allow":["GET"]}}],"collection":[{"href":"https:\/\/gerardoduque.com.mx\/index.php?rest_route=\/wp\/v2\/posts"}],"about":[{"href":"https:\/\/gerardoduque.com.mx\/index.php?rest_route=\/wp\/v2\/types\/post"}],"author":[{"embeddable":true,"href":"https:\/\/gerardoduque.com.mx\/index.php?rest_route=\/wp\/v2\/users\/4"}],"replies":[{"embeddable":true,"href":"https:\/\/gerardoduque.com.mx\/index.php?rest_route=%2Fwp%2Fv2%2Fcomments&post=51841"}],"version-history":[{"count":1,"href":"https:\/\/gerardoduque.com.mx\/index.php?rest_route=\/wp\/v2\/posts\/51841\/revisions"}],"predecessor-version":[{"id":51843,"href":"https:\/\/gerardoduque.com.mx\/index.php?rest_route=\/wp\/v2\/posts\/51841\/revisions\/51843"}],"wp:featuredmedia":[{"embeddable":true,"href":"https:\/\/gerardoduque.com.mx\/index.php?rest_route=\/wp\/v2\/media\/51842"}],"wp:attachment":[{"href":"https:\/\/gerardoduque.com.mx\/index.php?rest_route=%2Fwp%2Fv2%2Fmedia&parent=51841"}],"wp:term":[{"taxonomy":"category","embeddable":true,"href":"https:\/\/gerardoduque.com.mx\/index.php?rest_route=%2Fwp%2Fv2%2Fcategories&post=51841"},{"taxonomy":"post_tag","embeddable":true,"href":"https:\/\/gerardoduque.com.mx\/index.php?rest_route=%2Fwp%2Fv2%2Ftags&post=51841"}],"curies":[{"name":"wp","href":"https:\/\/api.w.org\/{rel}","templated":true}]}}