{"id":51836,"date":"2026-08-31T11:32:06","date_gmt":"2026-08-31T17:32:06","guid":{"rendered":"https:\/\/gerardoduque.com.mx\/?p=51836"},"modified":"2026-08-31T11:32:12","modified_gmt":"2026-08-31T17:32:12","slug":"ataque-armado-contra-casa-de-una-policia-de-slp-capital","status":"publish","type":"post","link":"https:\/\/gerardoduque.com.mx\/?p=51836","title":{"rendered":"ATAQUE ARMADO CONTRA CASA DE UNA POLIC\u00cdA DE SLP CAPITAL"},"content":{"rendered":"\n<p class=\"wp-block-paragraph\">La vivienda de la subdirectora operativa de la Polic\u00eda Municipal de San Luis Potos\u00ed fue blanco de un ataque armado durante las primeras horas de este lunes, en Camino al Aguaje.<\/p>\n\n\n\n<p class=\"wp-block-paragraph\">En el exterior del domicilio fueron localizados decenas de casquillos percutidos. No se reportaron personas lesionadas.<\/p>\n\n\n\n<p class=\"wp-block-paragraph\">Hasta el momento se desconoce el m\u00f3vil del ataque. No se ha informado sobre personas detenidas.<\/p>\n\n\n\n<p class=\"wp-block-paragraph\">La Secretar\u00eda de Seguridad y Protecci\u00f3n Ciudadana de la Capital inform\u00f3 que brindar\u00e1 respaldo institucional a la mando policial y colaborar\u00e1 con las autoridades investigadoras para esclarecer los hechos.<\/p>\n","protected":false},"excerpt":{"rendered":"<p>No se reportan detenidos <\/p>\n","protected":false},"author":4,"featured_media":51837,"comment_status":"closed","ping_status":"closed","sticky":false,"template":"","format":"standard","meta":{"_et_pb_use_builder":"off","_et_pb_old_content":"","_et_gb_content_width":"","footnotes":""},"categories":[412,62],"tags":[],"class_list":["post-51836","post","type-post","status-publish","format-standard","has-post-thumbnail","hentry","category-destacado","category-redaccion"],"_links":{"self":[{"href":"https:\/\/gerardoduque.com.mx\/index.php?rest_route=\/wp\/v2\/posts\/51836","targetHints":{"allow":["GET"]}}],"collection":[{"href":"https:\/\/gerardoduque.com.mx\/index.php?rest_route=\/wp\/v2\/posts"}],"about":[{"href":"https:\/\/gerardoduque.com.mx\/index.php?rest_route=\/wp\/v2\/types\/post"}],"author":[{"embeddable":true,"href":"https:\/\/gerardoduque.com.mx\/index.php?rest_route=\/wp\/v2\/users\/4"}],"replies":[{"embeddable":true,"href":"https:\/\/gerardoduque.com.mx\/index.php?rest_route=%2Fwp%2Fv2%2Fcomments&post=51836"}],"version-history":[{"count":1,"href":"https:\/\/gerardoduque.com.mx\/index.php?rest_route=\/wp\/v2\/posts\/51836\/revisions"}],"predecessor-version":[{"id":51838,"href":"https:\/\/gerardoduque.com.mx\/index.php?rest_route=\/wp\/v2\/posts\/51836\/revisions\/51838"}],"wp:featuredmedia":[{"embeddable":true,"href":"https:\/\/gerardoduque.com.mx\/index.php?rest_route=\/wp\/v2\/media\/51837"}],"wp:attachment":[{"href":"https:\/\/gerardoduque.com.mx\/index.php?rest_route=%2Fwp%2Fv2%2Fmedia&parent=51836"}],"wp:term":[{"taxonomy":"category","embeddable":true,"href":"https:\/\/gerardoduque.com.mx\/index.php?rest_route=%2Fwp%2Fv2%2Fcategories&post=51836"},{"taxonomy":"post_tag","embeddable":true,"href":"https:\/\/gerardoduque.com.mx\/index.php?rest_route=%2Fwp%2Fv2%2Ftags&post=51836"}],"curies":[{"name":"wp","href":"https:\/\/api.w.org\/{rel}","templated":true}]}}