{"id":51832,"date":"2026-08-31T10:39:43","date_gmt":"2026-08-31T16:39:43","guid":{"rendered":"https:\/\/gerardoduque.com.mx\/?p=51832"},"modified":"2026-08-31T10:39:49","modified_gmt":"2026-08-31T16:39:49","slug":"puras-verguenzas-los-diputados-vallenses","status":"publish","type":"post","link":"https:\/\/gerardoduque.com.mx\/?p=51832","title":{"rendered":"PURAS VERG\u00dcENZAS, LOS DIPUTADOS VALLENSES"},"content":{"rendered":"\n<p class=\"wp-block-paragraph\">Pasan y pasan los a\u00f1os y, en lugar de presumir a nuestros diputados como personajes que han realizado grandes aportes a la sociedad, vemos que son puras verg\u00fcenzas. Hasta n\u00e1useas provoca acordarnos de la mayor\u00eda de ellos.<\/p>\n\n\n\n<p class=\"wp-block-paragraph\">Pero refresquemos la memoria de nuestros queridos lectores. Vayamos hasta aquellos tiempos de la LVIII Legislatura, cuando Socorro Herrera Orta fue diputada local por primera vez. Vot\u00f3 a favor del enorme endeudamiento del estado de San Luis Potos\u00ed, en tiempos del tambi\u00e9n mandatario panista Marcelo de los Santos Fraga, por mil 500 millones de pesos, deuda que hasta la fecha seguimos pagando los potosinos. A esto se suma el mal uso que se dio a gran parte del cr\u00e9dito y que termin\u00f3 en los bolsillos de funcionarios corruptos.<\/p>\n\n\n\n<p class=\"wp-block-paragraph\">Tiempo despu\u00e9s, \u201cCoco\u201d Herrera, ya como parte de la oposici\u00f3n en la LX Legislatura, tuvo una participaci\u00f3n relevante y se puede decir que logr\u00f3 sacarse la espina clavada. Lamentablemente, falleci\u00f3 en 2019.<\/p>\n\n\n\n<p class=\"wp-block-paragraph\">Para la LIX Legislatura, ya en el sexenio del pusil\u00e1nime Fernando Toranzo, los panistas Jaime Y\u00e1\u00f1ez Peredo y Raquel Hurtado Barrera tuvieron un p\u00e9simo desempe\u00f1o. Incluso se recuerdan las amenazas contra periodistas por parte de la intolerante y prepotente diputada.<\/p>\n\n\n\n<p class=\"wp-block-paragraph\">Como ya mencion\u00e9, para la LX Legislatura, Coco Herrera se le puso al brinco a Toranzo, mientras que la priista Delia Guerrero Coronado vot\u00f3 a favor del aumento desmedido al transporte urbano, de aferrarse a seguir cobrando la tenencia vehicular y de meterle otro fuerte endeudamiento a San Luis Potos\u00ed.<\/p>\n\n\n\n<p class=\"wp-block-paragraph\">Nos vamos hasta la LXII Legislatura, ya que en la anterior no hubo diputados de Ciudad Valles en el Congreso. Llegaba, supuestamente, una nueva camada de j\u00f3venes de Morena que aseguraban que ser\u00edan muy diferentes a los pol\u00edticos rancios del viejo r\u00e9gimen. \u00a1Vaya decepci\u00f3n! Gente como Edson Quintanar termin\u00f3 convirti\u00e9ndose en lo mismo que tanto criticaba. En cuanto cobr\u00f3 la primera quincena, le agarr\u00f3 sabor al caldo y aquello que antes denunciaba como derroches y agravios se transform\u00f3 en una c\u00f3moda forma de vida que le dur\u00f3 tres a\u00f1os. Pero la verg\u00fcenza, esa nadie se la quitar\u00e1 jam\u00e1s.&nbsp;<\/p>\n\n\n\n<p class=\"wp-block-paragraph\">Luego lleg\u00f3 otro sujeto que tambi\u00e9n dej\u00f3 muy mal sabor de boca durante su paso como diputado, despu\u00e9s de haber sido secretario del Ayuntamiento de Ciudad Valles. Nos referimos al par\u00e1sito Ren\u00e9 Oyarvide, quien lleg\u00f3 por el PT siendo, supuestamente, oposici\u00f3n, pero pronto se convirti\u00f3 en tapete del gobierno y termin\u00f3 en los brazos de la bancada del Partido Verde.<\/p>\n\n\n\n<p class=\"wp-block-paragraph\">Su sometimiento tuvo premio. Al quedarse sin chamba como diputado, lo colocaron en el nuevo Ayuntamiento de Villa de Pozos. Por cierto, este tipo no sab\u00eda ni c\u00f3mo llegar, pues ni siquiera conoc\u00eda d\u00f3nde quedaba la plaza principal.<\/p>\n\n\n\n<p class=\"wp-block-paragraph\">Finalmente, dicen que los milagros s\u00ed existen. Para la actual Legislatura, la LXIV, Ciudad Valles puede por fin presumir que ya no sentir\u00e1 verg\u00fcenza por sus diputados.<\/p>\n\n\n\n<p class=\"wp-block-paragraph\">Y no es porque alg\u00fan legislador est\u00e9 haciendo las cosas de manera fenomenal o diferente.<\/p>\n\n\n\n<p class=\"wp-block-paragraph\">Es, simplemente, porque actualmente no existe ning\u00fan diputado en el Congreso que represente al municipio vallense.<\/p>\n","protected":false},"excerpt":{"rendered":"<p>POR: Jos\u00e9 Guadalupe Gonz\u00e1lez <\/p>\n","protected":false},"author":4,"featured_media":51833,"comment_status":"closed","ping_status":"closed","sticky":false,"template":"","format":"standard","meta":{"_et_pb_use_builder":"off","_et_pb_old_content":"","_et_gb_content_width":"","footnotes":""},"categories":[412,62],"tags":[],"class_list":["post-51832","post","type-post","status-publish","format-standard","has-post-thumbnail","hentry","category-destacado","category-redaccion"],"_links":{"self":[{"href":"https:\/\/gerardoduque.com.mx\/index.php?rest_route=\/wp\/v2\/posts\/51832","targetHints":{"allow":["GET"]}}],"collection":[{"href":"https:\/\/gerardoduque.com.mx\/index.php?rest_route=\/wp\/v2\/posts"}],"about":[{"href":"https:\/\/gerardoduque.com.mx\/index.php?rest_route=\/wp\/v2\/types\/post"}],"author":[{"embeddable":true,"href":"https:\/\/gerardoduque.com.mx\/index.php?rest_route=\/wp\/v2\/users\/4"}],"replies":[{"embeddable":true,"href":"https:\/\/gerardoduque.com.mx\/index.php?rest_route=%2Fwp%2Fv2%2Fcomments&post=51832"}],"version-history":[{"count":1,"href":"https:\/\/gerardoduque.com.mx\/index.php?rest_route=\/wp\/v2\/posts\/51832\/revisions"}],"predecessor-version":[{"id":51834,"href":"https:\/\/gerardoduque.com.mx\/index.php?rest_route=\/wp\/v2\/posts\/51832\/revisions\/51834"}],"wp:featuredmedia":[{"embeddable":true,"href":"https:\/\/gerardoduque.com.mx\/index.php?rest_route=\/wp\/v2\/media\/51833"}],"wp:attachment":[{"href":"https:\/\/gerardoduque.com.mx\/index.php?rest_route=%2Fwp%2Fv2%2Fmedia&parent=51832"}],"wp:term":[{"taxonomy":"category","embeddable":true,"href":"https:\/\/gerardoduque.com.mx\/index.php?rest_route=%2Fwp%2Fv2%2Fcategories&post=51832"},{"taxonomy":"post_tag","embeddable":true,"href":"https:\/\/gerardoduque.com.mx\/index.php?rest_route=%2Fwp%2Fv2%2Ftags&post=51832"}],"curies":[{"name":"wp","href":"https:\/\/api.w.org\/{rel}","templated":true}]}}