{"id":51731,"date":"2026-08-27T23:25:51","date_gmt":"2026-08-28T05:25:51","guid":{"rendered":"https:\/\/gerardoduque.com.mx\/?p=51731"},"modified":"2026-08-27T23:25:57","modified_gmt":"2026-08-28T05:25:57","slug":"semilleros-creativos-ofrecen-formacion-artistica-gratuita-en-la-huasteca","status":"publish","type":"post","link":"https:\/\/gerardoduque.com.mx\/?p=51731","title":{"rendered":"SEMILLEROS CREATIVOS OFRECEN\u00a0FORMACI\u00d3N ART\u00cdSTICA GRATUITA\u00a0EN LA HUASTECA"},"content":{"rendered":"\n<p class=\"wp-block-paragraph\">Ni\u00f1as, ni\u00f1os y j\u00f3venes de Coxcatl\u00e1n y de la comunidad de La Pimienta, en Huehuetl\u00e1n, participan en los Semilleros Creativos, espacios gratuitos donde desarrollan actividades relacionadas con distintas disciplinas art\u00edsticas, identidad cultural y trabajo colectivo.<\/p>\n\n\n\n<p class=\"wp-block-paragraph\">Los espacios forman parte del programa federal Cultura Comunitaria y buscan promover la expresi\u00f3n art\u00edstica, la participaci\u00f3n comunitaria y la preservaci\u00f3n de manifestaciones culturales locales mediante procesos de creaci\u00f3n.<\/p>\n\n\n\n<p class=\"wp-block-paragraph\">El titular de la Secretar\u00eda de Cultura, recorri\u00f3 los Semilleros de ambos municipios para conocer los proyectos y actividades que desarrollan participantes y facilitadores.<\/p>\n\n\n\n<p class=\"wp-block-paragraph\">La oferta se mantiene en distintos puntos de la Huasteca como una alternativa de formaci\u00f3n art\u00edstica dirigida a ni\u00f1as, ni\u00f1os y j\u00f3venes de las comunidades participantes.<\/p>\n","protected":false},"excerpt":{"rendered":"<p>Ni\u00f1as, ni\u00f1os y j\u00f3venes de Coxcatl\u00e1n y Huehuetl\u00e1n participan en espacios gratuitos de formaci\u00f3n art\u00edstica vinculados con la identidad cultural y el trabajo comunitario.<\/p>\n","protected":false},"author":4,"featured_media":51732,"comment_status":"closed","ping_status":"closed","sticky":false,"template":"","format":"standard","meta":{"_et_pb_use_builder":"off","_et_pb_old_content":"","_et_gb_content_width":"","footnotes":""},"categories":[62,280],"tags":[],"class_list":["post-51731","post","type-post","status-publish","format-standard","has-post-thumbnail","hentry","category-redaccion","category-gob-slp"],"_links":{"self":[{"href":"https:\/\/gerardoduque.com.mx\/index.php?rest_route=\/wp\/v2\/posts\/51731","targetHints":{"allow":["GET"]}}],"collection":[{"href":"https:\/\/gerardoduque.com.mx\/index.php?rest_route=\/wp\/v2\/posts"}],"about":[{"href":"https:\/\/gerardoduque.com.mx\/index.php?rest_route=\/wp\/v2\/types\/post"}],"author":[{"embeddable":true,"href":"https:\/\/gerardoduque.com.mx\/index.php?rest_route=\/wp\/v2\/users\/4"}],"replies":[{"embeddable":true,"href":"https:\/\/gerardoduque.com.mx\/index.php?rest_route=%2Fwp%2Fv2%2Fcomments&post=51731"}],"version-history":[{"count":1,"href":"https:\/\/gerardoduque.com.mx\/index.php?rest_route=\/wp\/v2\/posts\/51731\/revisions"}],"predecessor-version":[{"id":51733,"href":"https:\/\/gerardoduque.com.mx\/index.php?rest_route=\/wp\/v2\/posts\/51731\/revisions\/51733"}],"wp:featuredmedia":[{"embeddable":true,"href":"https:\/\/gerardoduque.com.mx\/index.php?rest_route=\/wp\/v2\/media\/51732"}],"wp:attachment":[{"href":"https:\/\/gerardoduque.com.mx\/index.php?rest_route=%2Fwp%2Fv2%2Fmedia&parent=51731"}],"wp:term":[{"taxonomy":"category","embeddable":true,"href":"https:\/\/gerardoduque.com.mx\/index.php?rest_route=%2Fwp%2Fv2%2Fcategories&post=51731"},{"taxonomy":"post_tag","embeddable":true,"href":"https:\/\/gerardoduque.com.mx\/index.php?rest_route=%2Fwp%2Fv2%2Ftags&post=51731"}],"curies":[{"name":"wp","href":"https:\/\/api.w.org\/{rel}","templated":true}]}}