{"id":51722,"date":"2026-08-27T23:15:28","date_gmt":"2026-08-28T05:15:28","guid":{"rendered":"https:\/\/gerardoduque.com.mx\/?p=51722"},"modified":"2026-08-27T23:15:34","modified_gmt":"2026-08-28T05:15:34","slug":"veranito-comunitario-reune-a-ninez-de-pueblos-originarios-en-san-luis-potosi","status":"publish","type":"post","link":"https:\/\/gerardoduque.com.mx\/?p=51722","title":{"rendered":"VERANITO COMUNITARIO RE\u00daNE A\u00a0NI\u00d1EZ DE PUEBLOS ORIGINARIOS\u00a0EN SAN LUIS POTOS\u00cd"},"content":{"rendered":"\n<p class=\"wp-block-paragraph\">Ni\u00f1as y ni\u00f1os de los pueblos T\u00e9nek, N\u00e1huatl, Otom\u00ed y Huachichil participaron en el Veranito Comunitario, programa que durante el periodo vacacional incluy\u00f3 actividades recreativas, art\u00edsticas y culturales en distintos espacios de la capital.<\/p>\n\n\n\n<p class=\"wp-block-paragraph\">De acuerdo con el Instituto de Desarrollo Humano y Social de los Pueblos y Comunidades Ind\u00edgenas, las actividades incluyeron talleres l\u00fadicos y art\u00edsticos, adem\u00e1s de recorridos por el Museo Nacional de la M\u00e1scara y el Museo Regional Potosino.<\/p>\n\n\n\n<p class=\"wp-block-paragraph\">El programa tambi\u00e9n contempl\u00f3 un recorrido en tren por el Parque Tangamanga I y una visita a DinOasis, como parte de las actividades recreativas dirigidas a los participantes durante las vacaciones.<\/p>\n\n\n\n<p class=\"wp-block-paragraph\">La titular del Indepi, se\u00f1al\u00f3 que las actividades combinaron aprendizaje y recreaci\u00f3n, con contenidos relacionados con la identidad y diversidad cultural de los pueblos originarios.<\/p>\n","protected":false},"excerpt":{"rendered":"<p>Ni\u00f1as y ni\u00f1os de pueblos originarios participaron en actividades recreativas, art\u00edsticas y culturales durante el Veranito Comunitario realizado en la capital potosina.<\/p>\n","protected":false},"author":4,"featured_media":51723,"comment_status":"closed","ping_status":"closed","sticky":false,"template":"","format":"standard","meta":{"_et_pb_use_builder":"off","_et_pb_old_content":"","_et_gb_content_width":"","footnotes":""},"categories":[62,280],"tags":[],"class_list":["post-51722","post","type-post","status-publish","format-standard","has-post-thumbnail","hentry","category-redaccion","category-gob-slp"],"_links":{"self":[{"href":"https:\/\/gerardoduque.com.mx\/index.php?rest_route=\/wp\/v2\/posts\/51722","targetHints":{"allow":["GET"]}}],"collection":[{"href":"https:\/\/gerardoduque.com.mx\/index.php?rest_route=\/wp\/v2\/posts"}],"about":[{"href":"https:\/\/gerardoduque.com.mx\/index.php?rest_route=\/wp\/v2\/types\/post"}],"author":[{"embeddable":true,"href":"https:\/\/gerardoduque.com.mx\/index.php?rest_route=\/wp\/v2\/users\/4"}],"replies":[{"embeddable":true,"href":"https:\/\/gerardoduque.com.mx\/index.php?rest_route=%2Fwp%2Fv2%2Fcomments&post=51722"}],"version-history":[{"count":1,"href":"https:\/\/gerardoduque.com.mx\/index.php?rest_route=\/wp\/v2\/posts\/51722\/revisions"}],"predecessor-version":[{"id":51724,"href":"https:\/\/gerardoduque.com.mx\/index.php?rest_route=\/wp\/v2\/posts\/51722\/revisions\/51724"}],"wp:featuredmedia":[{"embeddable":true,"href":"https:\/\/gerardoduque.com.mx\/index.php?rest_route=\/wp\/v2\/media\/51723"}],"wp:attachment":[{"href":"https:\/\/gerardoduque.com.mx\/index.php?rest_route=%2Fwp%2Fv2%2Fmedia&parent=51722"}],"wp:term":[{"taxonomy":"category","embeddable":true,"href":"https:\/\/gerardoduque.com.mx\/index.php?rest_route=%2Fwp%2Fv2%2Fcategories&post=51722"},{"taxonomy":"post_tag","embeddable":true,"href":"https:\/\/gerardoduque.com.mx\/index.php?rest_route=%2Fwp%2Fv2%2Ftags&post=51722"}],"curies":[{"name":"wp","href":"https:\/\/api.w.org\/{rel}","templated":true}]}}