{"id":51553,"date":"2026-08-21T00:03:08","date_gmt":"2026-08-21T06:03:08","guid":{"rendered":"https:\/\/gerardoduque.com.mx\/?p=51553"},"modified":"2026-08-23T00:05:47","modified_gmt":"2026-08-23T06:05:47","slug":"familias-de-villa-de-pozos-participan-en-dia-de-la-garnacha","status":"publish","type":"post","link":"https:\/\/gerardoduque.com.mx\/?p=51553","title":{"rendered":"FAMILIAS DE VILLA DE POZOS PARTICIPAN EN D\u00cdA DE LA GARNACHA"},"content":{"rendered":"\n<p class=\"wp-block-paragraph\">Durante la Feria Nacional Potosina 2026 se realiz\u00f3 una actividad por el D\u00eda de la Garnacha con la participaci\u00f3n de cientos de familias de Villa de Pozos, quienes acudieron a la feria para consumir alimentos preparados por comerciantes de la comunidad de El Panalillo.<\/p>\n\n\n\n<p class=\"wp-block-paragraph\">La jornada incluy\u00f3 la distribuci\u00f3n gratuita de tacos de bistec, chorizo, pastor y barbacoa. En la actividad participaron el gobernador Ricardo Gallardo Cardona y la presidenta concejal de Villa de Pozos, Patricia Aradillas Aradillas.<\/p>\n\n\n\n<p class=\"wp-block-paragraph\">De acuerdo con la informaci\u00f3n proporcionada, el encuentro tuvo como finalidad mostrar parte de la gastronom\u00eda y las tradiciones de Villa de Pozos dentro de las actividades de la FENAPO 2026.<\/p>\n\n\n\n<p class=\"wp-block-paragraph\">La actividad se desarroll\u00f3 en las instalaciones de la feria, donde las familias participantes compartieron alimentos y productos gastron\u00f3micos elaborados por comerciantes de la comunidad.<\/p>\n","protected":false},"excerpt":{"rendered":"<p>Cientos de familias de Villa de Pozos participaron en una actividad gastron\u00f3mica durante la Feria Nacional Potosina 2026, donde se ofrecieron gratuitamente tacos preparados por comerciantes de El Panalillo.<\/p>\n","protected":false},"author":4,"featured_media":51554,"comment_status":"closed","ping_status":"closed","sticky":false,"template":"","format":"standard","meta":{"_et_pb_use_builder":"off","_et_pb_old_content":"","_et_gb_content_width":"","footnotes":""},"categories":[62,280],"tags":[],"class_list":["post-51553","post","type-post","status-publish","format-standard","has-post-thumbnail","hentry","category-redaccion","category-gob-slp"],"_links":{"self":[{"href":"https:\/\/gerardoduque.com.mx\/index.php?rest_route=\/wp\/v2\/posts\/51553","targetHints":{"allow":["GET"]}}],"collection":[{"href":"https:\/\/gerardoduque.com.mx\/index.php?rest_route=\/wp\/v2\/posts"}],"about":[{"href":"https:\/\/gerardoduque.com.mx\/index.php?rest_route=\/wp\/v2\/types\/post"}],"author":[{"embeddable":true,"href":"https:\/\/gerardoduque.com.mx\/index.php?rest_route=\/wp\/v2\/users\/4"}],"replies":[{"embeddable":true,"href":"https:\/\/gerardoduque.com.mx\/index.php?rest_route=%2Fwp%2Fv2%2Fcomments&post=51553"}],"version-history":[{"count":1,"href":"https:\/\/gerardoduque.com.mx\/index.php?rest_route=\/wp\/v2\/posts\/51553\/revisions"}],"predecessor-version":[{"id":51555,"href":"https:\/\/gerardoduque.com.mx\/index.php?rest_route=\/wp\/v2\/posts\/51553\/revisions\/51555"}],"wp:featuredmedia":[{"embeddable":true,"href":"https:\/\/gerardoduque.com.mx\/index.php?rest_route=\/wp\/v2\/media\/51554"}],"wp:attachment":[{"href":"https:\/\/gerardoduque.com.mx\/index.php?rest_route=%2Fwp%2Fv2%2Fmedia&parent=51553"}],"wp:term":[{"taxonomy":"category","embeddable":true,"href":"https:\/\/gerardoduque.com.mx\/index.php?rest_route=%2Fwp%2Fv2%2Fcategories&post=51553"},{"taxonomy":"post_tag","embeddable":true,"href":"https:\/\/gerardoduque.com.mx\/index.php?rest_route=%2Fwp%2Fv2%2Ftags&post=51553"}],"curies":[{"name":"wp","href":"https:\/\/api.w.org\/{rel}","templated":true}]}}