{"id":51502,"date":"2026-08-20T00:19:53","date_gmt":"2026-08-20T06:19:53","guid":{"rendered":"https:\/\/gerardoduque.com.mx\/?p=51502"},"modified":"2026-08-21T00:22:11","modified_gmt":"2026-08-21T06:22:11","slug":"regresan-a-clases-11-mil-estudiantes-en-san-luis-potosi","status":"publish","type":"post","link":"https:\/\/gerardoduque.com.mx\/?p=51502","title":{"rendered":"REGRESAN A CLASES 11 MIL ESTUDIANTES EN SAN LUIS POTOS\u00cd"},"content":{"rendered":"\n<p class=\"wp-block-paragraph\">M\u00e1s de 11 mil estudiantes de educaci\u00f3n media superior del Sistema Educativo Estatal Regular regresaron a clases este mi\u00e9rcoles en 47 planteles ubicados en las cuatro regiones de San Luis Potos\u00ed.<\/p>\n\n\n\n<p class=\"wp-block-paragraph\">El director general del SEER, indic\u00f3 que el regreso a las aulas marca la continuidad de las actividades acad\u00e9micas en los planteles de educaci\u00f3n media superior del sistema.<\/p>\n\n\n\n<p class=\"wp-block-paragraph\">De acuerdo con la informaci\u00f3n proporcionada por el organismo, se mantienen trabajos de construcci\u00f3n, rehabilitaci\u00f3n y equipamiento en distintos planteles, como parte de las acciones relacionadas con la infraestructura educativa.<\/p>\n\n\n\n<p class=\"wp-block-paragraph\">Las actividades acad\u00e9micas se reanudaron este mi\u00e9rcoles en los 47 planteles, con estudiantes que retomaron su formaci\u00f3n en las distintas regiones del estado.<\/p>\n\n\n\n<p class=\"wp-block-paragraph\"><\/p>\n","protected":false},"excerpt":{"rendered":"<p>M\u00e1s de 11 mil estudiantes de educaci\u00f3n media superior del SEER regresaron a clases este mi\u00e9rcoles en 47 planteles distribuidos en las cuatro regiones del estado.<\/p>\n","protected":false},"author":4,"featured_media":51503,"comment_status":"closed","ping_status":"closed","sticky":false,"template":"","format":"standard","meta":{"_et_pb_use_builder":"off","_et_pb_old_content":"","_et_gb_content_width":"","footnotes":""},"categories":[62,280],"tags":[],"class_list":["post-51502","post","type-post","status-publish","format-standard","has-post-thumbnail","hentry","category-redaccion","category-gob-slp"],"_links":{"self":[{"href":"https:\/\/gerardoduque.com.mx\/index.php?rest_route=\/wp\/v2\/posts\/51502","targetHints":{"allow":["GET"]}}],"collection":[{"href":"https:\/\/gerardoduque.com.mx\/index.php?rest_route=\/wp\/v2\/posts"}],"about":[{"href":"https:\/\/gerardoduque.com.mx\/index.php?rest_route=\/wp\/v2\/types\/post"}],"author":[{"embeddable":true,"href":"https:\/\/gerardoduque.com.mx\/index.php?rest_route=\/wp\/v2\/users\/4"}],"replies":[{"embeddable":true,"href":"https:\/\/gerardoduque.com.mx\/index.php?rest_route=%2Fwp%2Fv2%2Fcomments&post=51502"}],"version-history":[{"count":1,"href":"https:\/\/gerardoduque.com.mx\/index.php?rest_route=\/wp\/v2\/posts\/51502\/revisions"}],"predecessor-version":[{"id":51504,"href":"https:\/\/gerardoduque.com.mx\/index.php?rest_route=\/wp\/v2\/posts\/51502\/revisions\/51504"}],"wp:featuredmedia":[{"embeddable":true,"href":"https:\/\/gerardoduque.com.mx\/index.php?rest_route=\/wp\/v2\/media\/51503"}],"wp:attachment":[{"href":"https:\/\/gerardoduque.com.mx\/index.php?rest_route=%2Fwp%2Fv2%2Fmedia&parent=51502"}],"wp:term":[{"taxonomy":"category","embeddable":true,"href":"https:\/\/gerardoduque.com.mx\/index.php?rest_route=%2Fwp%2Fv2%2Fcategories&post=51502"},{"taxonomy":"post_tag","embeddable":true,"href":"https:\/\/gerardoduque.com.mx\/index.php?rest_route=%2Fwp%2Fv2%2Ftags&post=51502"}],"curies":[{"name":"wp","href":"https:\/\/api.w.org\/{rel}","templated":true}]}}