{"id":51487,"date":"2026-08-19T00:01:59","date_gmt":"2026-08-19T06:01:59","guid":{"rendered":"https:\/\/gerardoduque.com.mx\/?p=51487"},"modified":"2026-08-21T00:04:37","modified_gmt":"2026-08-21T06:04:37","slug":"san-luis-potosi-realiza-sesion-nacional-de-vinculacion-laboral","status":"publish","type":"post","link":"https:\/\/gerardoduque.com.mx\/?p=51487","title":{"rendered":"SAN LUIS POTOS\u00cd REALIZA SESI\u00d3N NACIONAL DE VINCULACI\u00d3N LABORAL"},"content":{"rendered":"\n<p class=\"wp-block-paragraph\">San Luis Potos\u00ed fue sede de la Tercera Sesi\u00f3n Nacional de Vinculaci\u00f3n Laboral de la Red Nacional de Vinculaci\u00f3n Laboral SNE 2026, en la que participaron autoridades, empresas, instituciones educativas y organizaciones sociales.<\/p>\n\n\n\n<p class=\"wp-block-paragraph\">Durante el encuentro se analizaron estrategias para facilitar la incorporaci\u00f3n de j\u00f3venes al mercado laboral, as\u00ed como las necesidades de capacitaci\u00f3n relacionadas con los cambios tecnol\u00f3gicos, la automatizaci\u00f3n y las nuevas modalidades de producci\u00f3n.<\/p>\n\n\n\n<p class=\"wp-block-paragraph\">El titular de la Secretar\u00eda del Trabajo y Previsi\u00f3n Social, Cris\u00f3gono S\u00e1nchez Lara, se\u00f1al\u00f3 que factores como la falta de experiencia, la discapacidad y otras condiciones de vulnerabilidad pueden representar obst\u00e1culos para acceder a un empleo, por lo que se plantearon mecanismos de vinculaci\u00f3n entre los sectores p\u00fablico, privado y educativo.<\/p>\n\n\n\n<p class=\"wp-block-paragraph\">Las actividades incluyeron mesas de trabajo, paneles y conversatorios sobre capacitaci\u00f3n, vinculaci\u00f3n y acceso al empleo, con participaci\u00f3n de representantes de distintos sectores.<\/p>\n","protected":false},"excerpt":{"rendered":"<p>La Tercera Sesi\u00f3n Nacional de Vinculaci\u00f3n Laboral reuni\u00f3 en San Luis Potos\u00ed a autoridades, empresas e instituciones educativas para abordar la incorporaci\u00f3n de j\u00f3venes al mercado laboral.<\/p>\n","protected":false},"author":4,"featured_media":51488,"comment_status":"closed","ping_status":"closed","sticky":false,"template":"","format":"standard","meta":{"_et_pb_use_builder":"off","_et_pb_old_content":"","_et_gb_content_width":"","footnotes":""},"categories":[62,280],"tags":[],"class_list":["post-51487","post","type-post","status-publish","format-standard","has-post-thumbnail","hentry","category-redaccion","category-gob-slp"],"_links":{"self":[{"href":"https:\/\/gerardoduque.com.mx\/index.php?rest_route=\/wp\/v2\/posts\/51487","targetHints":{"allow":["GET"]}}],"collection":[{"href":"https:\/\/gerardoduque.com.mx\/index.php?rest_route=\/wp\/v2\/posts"}],"about":[{"href":"https:\/\/gerardoduque.com.mx\/index.php?rest_route=\/wp\/v2\/types\/post"}],"author":[{"embeddable":true,"href":"https:\/\/gerardoduque.com.mx\/index.php?rest_route=\/wp\/v2\/users\/4"}],"replies":[{"embeddable":true,"href":"https:\/\/gerardoduque.com.mx\/index.php?rest_route=%2Fwp%2Fv2%2Fcomments&post=51487"}],"version-history":[{"count":1,"href":"https:\/\/gerardoduque.com.mx\/index.php?rest_route=\/wp\/v2\/posts\/51487\/revisions"}],"predecessor-version":[{"id":51489,"href":"https:\/\/gerardoduque.com.mx\/index.php?rest_route=\/wp\/v2\/posts\/51487\/revisions\/51489"}],"wp:featuredmedia":[{"embeddable":true,"href":"https:\/\/gerardoduque.com.mx\/index.php?rest_route=\/wp\/v2\/media\/51488"}],"wp:attachment":[{"href":"https:\/\/gerardoduque.com.mx\/index.php?rest_route=%2Fwp%2Fv2%2Fmedia&parent=51487"}],"wp:term":[{"taxonomy":"category","embeddable":true,"href":"https:\/\/gerardoduque.com.mx\/index.php?rest_route=%2Fwp%2Fv2%2Fcategories&post=51487"},{"taxonomy":"post_tag","embeddable":true,"href":"https:\/\/gerardoduque.com.mx\/index.php?rest_route=%2Fwp%2Fv2%2Ftags&post=51487"}],"curies":[{"name":"wp","href":"https:\/\/api.w.org\/{rel}","templated":true}]}}