{"id":51433,"date":"2026-08-18T17:35:23","date_gmt":"2026-08-18T23:35:23","guid":{"rendered":"https:\/\/gerardoduque.com.mx\/?p=51433"},"modified":"2026-08-19T17:37:42","modified_gmt":"2026-08-19T23:37:42","slug":"oficial-penitenciaria-concluye-28-anos-de-servicio-en-san-luis-potosi","status":"publish","type":"post","link":"https:\/\/gerardoduque.com.mx\/?p=51433","title":{"rendered":"OFICIAL PENITENCIARIA CONCLUYE 28 A\u00d1OS DE SERVICIO EN SAN LUIS POTOS\u00cd"},"content":{"rendered":"\n<p class=\"wp-block-paragraph\">La Secretar\u00eda de Seguridad y Protecci\u00f3n Ciudadana reconoci\u00f3 la trayectoria de Josefina Tapia Cruz, quien concluy\u00f3 28 a\u00f1os de servicio en el \u00e1rea de Seguridad y Custodia del Centro Estatal de Reinserci\u00f3n Social.<\/p>\n\n\n\n<p class=\"wp-block-paragraph\">Durante su trayectoria, la oficial particip\u00f3 en tareas de seguridad, vigilancia, disciplina y mantenimiento del orden al interior del sistema penitenciario estatal.<\/p>\n\n\n\n<p class=\"wp-block-paragraph\">Durante el homenaje, autoridades, mandos operativos y compa\u00f1eros realizaron la entrega de un reconocimiento por los a\u00f1os de servicio p\u00fablico de Tapia Cruz.<\/p>\n\n\n\n<p class=\"wp-block-paragraph\">El titular de la SSPC, Jes\u00fas Ju\u00e1rez Hern\u00e1ndez, se\u00f1al\u00f3 la importancia de la experiencia y disciplina del personal que participa en las instituciones de seguridad del Estado.<\/p>\n","protected":false},"excerpt":{"rendered":"<p>Josefina Tapia Cruz concluy\u00f3 28 a\u00f1os de servicio en el \u00e1rea de Seguridad y Custodia del sistema penitenciario estatal, donde realiz\u00f3 tareas de vigilancia y mantenimiento del orden.<\/p>\n","protected":false},"author":4,"featured_media":51434,"comment_status":"closed","ping_status":"closed","sticky":false,"template":"","format":"standard","meta":{"_et_pb_use_builder":"off","_et_pb_old_content":"","_et_gb_content_width":"","footnotes":""},"categories":[62,280],"tags":[],"class_list":["post-51433","post","type-post","status-publish","format-standard","has-post-thumbnail","hentry","category-redaccion","category-gob-slp"],"_links":{"self":[{"href":"https:\/\/gerardoduque.com.mx\/index.php?rest_route=\/wp\/v2\/posts\/51433","targetHints":{"allow":["GET"]}}],"collection":[{"href":"https:\/\/gerardoduque.com.mx\/index.php?rest_route=\/wp\/v2\/posts"}],"about":[{"href":"https:\/\/gerardoduque.com.mx\/index.php?rest_route=\/wp\/v2\/types\/post"}],"author":[{"embeddable":true,"href":"https:\/\/gerardoduque.com.mx\/index.php?rest_route=\/wp\/v2\/users\/4"}],"replies":[{"embeddable":true,"href":"https:\/\/gerardoduque.com.mx\/index.php?rest_route=%2Fwp%2Fv2%2Fcomments&post=51433"}],"version-history":[{"count":1,"href":"https:\/\/gerardoduque.com.mx\/index.php?rest_route=\/wp\/v2\/posts\/51433\/revisions"}],"predecessor-version":[{"id":51435,"href":"https:\/\/gerardoduque.com.mx\/index.php?rest_route=\/wp\/v2\/posts\/51433\/revisions\/51435"}],"wp:featuredmedia":[{"embeddable":true,"href":"https:\/\/gerardoduque.com.mx\/index.php?rest_route=\/wp\/v2\/media\/51434"}],"wp:attachment":[{"href":"https:\/\/gerardoduque.com.mx\/index.php?rest_route=%2Fwp%2Fv2%2Fmedia&parent=51433"}],"wp:term":[{"taxonomy":"category","embeddable":true,"href":"https:\/\/gerardoduque.com.mx\/index.php?rest_route=%2Fwp%2Fv2%2Fcategories&post=51433"},{"taxonomy":"post_tag","embeddable":true,"href":"https:\/\/gerardoduque.com.mx\/index.php?rest_route=%2Fwp%2Fv2%2Ftags&post=51433"}],"curies":[{"name":"wp","href":"https:\/\/api.w.org\/{rel}","templated":true}]}}