{"id":47303,"date":"2026-05-01T23:02:14","date_gmt":"2026-05-02T05:02:14","guid":{"rendered":"https:\/\/gerardoduque.com.mx\/?p=47303"},"modified":"2026-05-02T23:04:36","modified_gmt":"2026-05-03T05:04:36","slug":"realizan-festejos-por-el-dia-de-la-ninez-en-casas-de-asistencia-y-axtla-de-terrazas","status":"publish","type":"post","link":"https:\/\/gerardoduque.com.mx\/?p=47303","title":{"rendered":"REALIZAN FESTEJOS POR EL D\u00cdA DE LA NI\u00d1EZ EN CASAS DE ASISTENCIA Y AXTLA DE TERRAZAS"},"content":{"rendered":"\n<p>El Sistema Estatal para el Desarrollo Integral de la Familia, a trav\u00e9s de su Coordinaci\u00f3n de Voluntariado, realiz\u00f3 una celebraci\u00f3n dirigida a ni\u00f1as y ni\u00f1os que se encuentran en casas de asistencia social, con actividades recreativas e integraci\u00f3n.<\/p>\n\n\n\n<p>De manera paralela, la Junta Estatal de Caminos llev\u00f3 a cabo un festejo en el municipio de Axtla de Terrazas, donde participaron m\u00e1s de 3 mil ni\u00f1as y ni\u00f1os, con din\u00e1micas, entrega de dulces, rifas y espect\u00e1culos.<\/p>\n\n\n\n<p>Las actividades contaron con la participaci\u00f3n de personal institucional, voluntariado y autoridades municipales y estatales, como parte de las acciones conmemorativas por el D\u00eda de la Ni\u00f1ez.<\/p>\n\n\n\n<p>Las dependencias informaron que estas jornadas se desarrollan con el objetivo de generar espacios de convivencia para la poblaci\u00f3n infantil en distintas regiones del estado.<\/p>\n","protected":false},"excerpt":{"rendered":"<p>El Sistema Estatal DIF y la Junta Estatal de Caminos realizaron actividades y festejos por el D\u00eda de la Ni\u00f1ez en casas de asistencia y en el municipio de Axtla de Terrazas.<\/p>\n","protected":false},"author":4,"featured_media":47304,"comment_status":"closed","ping_status":"closed","sticky":false,"template":"","format":"standard","meta":{"_et_pb_use_builder":"off","_et_pb_old_content":"","_et_gb_content_width":"","footnotes":""},"categories":[62,280],"tags":[],"class_list":["post-47303","post","type-post","status-publish","format-standard","has-post-thumbnail","hentry","category-redaccion","category-gob-slp"],"_links":{"self":[{"href":"https:\/\/gerardoduque.com.mx\/index.php?rest_route=\/wp\/v2\/posts\/47303","targetHints":{"allow":["GET"]}}],"collection":[{"href":"https:\/\/gerardoduque.com.mx\/index.php?rest_route=\/wp\/v2\/posts"}],"about":[{"href":"https:\/\/gerardoduque.com.mx\/index.php?rest_route=\/wp\/v2\/types\/post"}],"author":[{"embeddable":true,"href":"https:\/\/gerardoduque.com.mx\/index.php?rest_route=\/wp\/v2\/users\/4"}],"replies":[{"embeddable":true,"href":"https:\/\/gerardoduque.com.mx\/index.php?rest_route=%2Fwp%2Fv2%2Fcomments&post=47303"}],"version-history":[{"count":1,"href":"https:\/\/gerardoduque.com.mx\/index.php?rest_route=\/wp\/v2\/posts\/47303\/revisions"}],"predecessor-version":[{"id":47305,"href":"https:\/\/gerardoduque.com.mx\/index.php?rest_route=\/wp\/v2\/posts\/47303\/revisions\/47305"}],"wp:featuredmedia":[{"embeddable":true,"href":"https:\/\/gerardoduque.com.mx\/index.php?rest_route=\/wp\/v2\/media\/47304"}],"wp:attachment":[{"href":"https:\/\/gerardoduque.com.mx\/index.php?rest_route=%2Fwp%2Fv2%2Fmedia&parent=47303"}],"wp:term":[{"taxonomy":"category","embeddable":true,"href":"https:\/\/gerardoduque.com.mx\/index.php?rest_route=%2Fwp%2Fv2%2Fcategories&post=47303"},{"taxonomy":"post_tag","embeddable":true,"href":"https:\/\/gerardoduque.com.mx\/index.php?rest_route=%2Fwp%2Fv2%2Ftags&post=47303"}],"curies":[{"name":"wp","href":"https:\/\/api.w.org\/{rel}","templated":true}]}}