{"id":47297,"date":"2026-05-01T22:55:01","date_gmt":"2026-05-02T04:55:01","guid":{"rendered":"https:\/\/gerardoduque.com.mx\/?p=47297"},"modified":"2026-05-02T22:58:42","modified_gmt":"2026-05-03T04:58:42","slug":"construccion-de-pozo-profundo-en-santo-domingo-registra-avance","status":"publish","type":"post","link":"https:\/\/gerardoduque.com.mx\/?p=47297","title":{"rendered":"CONSTRUCCI\u00d3N DE POZO PROFUNDO EN SANTO DOMINGO REGISTRA AVANCE"},"content":{"rendered":"\n<p>La Comisi\u00f3n Estatal del Agua inform\u00f3 que la construcci\u00f3n de un pozo profundo en la localidad de Illescas, en el municipio de Santo Domingo, concluy\u00f3 la fase de perforaci\u00f3n tras alcanzar una profundidad de 250 metros.<\/p>\n\n\n\n<p>El organismo detall\u00f3 que tambi\u00e9n se complet\u00f3 la instalaci\u00f3n de la tuber\u00eda de protecci\u00f3n, lo que permite mantener la estabilidad estructural del pozo y prevenir filtraciones o derrumbes durante su operaci\u00f3n.<\/p>\n\n\n\n<p>El titular de la dependencia, Pascual Mart\u00ednez S\u00e1nchez, indic\u00f3 que en los pr\u00f3ximos d\u00edas se llevar\u00e1 a cabo el proceso de aforo para determinar el caudal disponible y definir la capacidad del equipo de bombeo.<\/p>\n\n\n\n<p>Posteriormente, se prev\u00e9 continuar con el equipamiento electromec\u00e1nico y la interconexi\u00f3n a la red de distribuci\u00f3n, como parte del proceso para habilitar el suministro de agua potable en la comunidad.<\/p>\n","protected":false},"excerpt":{"rendered":"<p>La construcci\u00f3n de un pozo profundo en la comunidad de Illescas, en Santo Domingo, alcanz\u00f3 250 metros de profundidad y concluy\u00f3 la etapa de perforaci\u00f3n.<\/p>\n","protected":false},"author":4,"featured_media":47298,"comment_status":"closed","ping_status":"closed","sticky":false,"template":"","format":"standard","meta":{"_et_pb_use_builder":"off","_et_pb_old_content":"","_et_gb_content_width":"","footnotes":""},"categories":[62,280],"tags":[],"class_list":["post-47297","post","type-post","status-publish","format-standard","has-post-thumbnail","hentry","category-redaccion","category-gob-slp"],"_links":{"self":[{"href":"https:\/\/gerardoduque.com.mx\/index.php?rest_route=\/wp\/v2\/posts\/47297","targetHints":{"allow":["GET"]}}],"collection":[{"href":"https:\/\/gerardoduque.com.mx\/index.php?rest_route=\/wp\/v2\/posts"}],"about":[{"href":"https:\/\/gerardoduque.com.mx\/index.php?rest_route=\/wp\/v2\/types\/post"}],"author":[{"embeddable":true,"href":"https:\/\/gerardoduque.com.mx\/index.php?rest_route=\/wp\/v2\/users\/4"}],"replies":[{"embeddable":true,"href":"https:\/\/gerardoduque.com.mx\/index.php?rest_route=%2Fwp%2Fv2%2Fcomments&post=47297"}],"version-history":[{"count":1,"href":"https:\/\/gerardoduque.com.mx\/index.php?rest_route=\/wp\/v2\/posts\/47297\/revisions"}],"predecessor-version":[{"id":47299,"href":"https:\/\/gerardoduque.com.mx\/index.php?rest_route=\/wp\/v2\/posts\/47297\/revisions\/47299"}],"wp:featuredmedia":[{"embeddable":true,"href":"https:\/\/gerardoduque.com.mx\/index.php?rest_route=\/wp\/v2\/media\/47298"}],"wp:attachment":[{"href":"https:\/\/gerardoduque.com.mx\/index.php?rest_route=%2Fwp%2Fv2%2Fmedia&parent=47297"}],"wp:term":[{"taxonomy":"category","embeddable":true,"href":"https:\/\/gerardoduque.com.mx\/index.php?rest_route=%2Fwp%2Fv2%2Fcategories&post=47297"},{"taxonomy":"post_tag","embeddable":true,"href":"https:\/\/gerardoduque.com.mx\/index.php?rest_route=%2Fwp%2Fv2%2Ftags&post=47297"}],"curies":[{"name":"wp","href":"https:\/\/api.w.org\/{rel}","templated":true}]}}