{"id":47288,"date":"2026-05-02T22:36:27","date_gmt":"2026-05-03T04:36:27","guid":{"rendered":"https:\/\/gerardoduque.com.mx\/?p=47288"},"modified":"2026-05-02T22:36:33","modified_gmt":"2026-05-03T04:36:33","slug":"realizan-festejo-del-dia-del-nino-en-la-delegacion-el-pujal","status":"publish","type":"post","link":"https:\/\/gerardoduque.com.mx\/?p=47288","title":{"rendered":"REALIZAN FESTEJO DEL D\u00cdA DEL NI\u00d1O EN LA DELEGACI\u00d3N EL PUJAL"},"content":{"rendered":"\n<p>Ni\u00f1os de la delegaci\u00f3n El Pujal participaron en un evento conmemorativo por el D\u00eda del Ni\u00f1o, en el que autoridades municipales y estatales llevaron a cabo actividades recreativas y distribuci\u00f3n de apoyos.<\/p>\n\n\n\n<p>Durante la jornada se realiz\u00f3 la rifa y entrega de bicicletas, juguetes, bolsas de dulces y alimentos a los asistentes. El evento fue encabezado por el presidente municipal, junto con la presidenta del Sistema Municipal DIF, y funcionarias estatales de las \u00e1reas de desarrollo social y turismo.<\/p>\n\n\n\n<p>En el acto participaron autoridades municipales y estatales, as\u00ed como representantes de distintas dependencias. Tambi\u00e9n estuvo presente el ni\u00f1o presidente por un d\u00eda y autoridades de la delegaci\u00f3n El Pujal.<\/p>\n\n\n\n<p>Funcionarios indicaron que la actividad forma parte de las acciones dirigidas a la poblaci\u00f3n infantil en el marco del D\u00eda del Ni\u00f1o, con la participaci\u00f3n de distintas instancias de gobierno.<\/p>\n","protected":false},"excerpt":{"rendered":"<p>Ni\u00f1os de la delegaci\u00f3n El Pujal participaron en un festejo por el D\u00eda del Ni\u00f1o organizado el 1 de mayo, con actividades recreativas y entrega de apoyos.<\/p>\n","protected":false},"author":4,"featured_media":47289,"comment_status":"closed","ping_status":"closed","sticky":false,"template":"","format":"standard","meta":{"_et_pb_use_builder":"off","_et_pb_old_content":"","_et_gb_content_width":"","footnotes":""},"categories":[62],"tags":[],"class_list":["post-47288","post","type-post","status-publish","format-standard","has-post-thumbnail","hentry","category-redaccion"],"_links":{"self":[{"href":"https:\/\/gerardoduque.com.mx\/index.php?rest_route=\/wp\/v2\/posts\/47288","targetHints":{"allow":["GET"]}}],"collection":[{"href":"https:\/\/gerardoduque.com.mx\/index.php?rest_route=\/wp\/v2\/posts"}],"about":[{"href":"https:\/\/gerardoduque.com.mx\/index.php?rest_route=\/wp\/v2\/types\/post"}],"author":[{"embeddable":true,"href":"https:\/\/gerardoduque.com.mx\/index.php?rest_route=\/wp\/v2\/users\/4"}],"replies":[{"embeddable":true,"href":"https:\/\/gerardoduque.com.mx\/index.php?rest_route=%2Fwp%2Fv2%2Fcomments&post=47288"}],"version-history":[{"count":1,"href":"https:\/\/gerardoduque.com.mx\/index.php?rest_route=\/wp\/v2\/posts\/47288\/revisions"}],"predecessor-version":[{"id":47290,"href":"https:\/\/gerardoduque.com.mx\/index.php?rest_route=\/wp\/v2\/posts\/47288\/revisions\/47290"}],"wp:featuredmedia":[{"embeddable":true,"href":"https:\/\/gerardoduque.com.mx\/index.php?rest_route=\/wp\/v2\/media\/47289"}],"wp:attachment":[{"href":"https:\/\/gerardoduque.com.mx\/index.php?rest_route=%2Fwp%2Fv2%2Fmedia&parent=47288"}],"wp:term":[{"taxonomy":"category","embeddable":true,"href":"https:\/\/gerardoduque.com.mx\/index.php?rest_route=%2Fwp%2Fv2%2Fcategories&post=47288"},{"taxonomy":"post_tag","embeddable":true,"href":"https:\/\/gerardoduque.com.mx\/index.php?rest_route=%2Fwp%2Fv2%2Ftags&post=47288"}],"curies":[{"name":"wp","href":"https:\/\/api.w.org\/{rel}","templated":true}]}}